{"id":71,"date":"2018-04-03T09:58:27","date_gmt":"2018-04-03T09:58:27","guid":{"rendered":"http:\/\/andaluciamejorconciencia.fundaciondescubre.es\/energiasrenovables\/?p=71"},"modified":"2018-05-09T09:23:11","modified_gmt":"2018-05-09T09:23:11","slug":"primera-actividad-maquetas","status":"publish","type":"post","link":"https:\/\/andaluciamejorconciencia.fundaciondescubre.es\/energiasrenovables\/es\/noticias\/primera-actividad-maquetas\/","title":{"rendered":"Primera actividad: maquetas"},"content":{"rendered":"<p>&nbsp;<\/p>\n<p>El alumnado participante ha realizado modelos de maquetas que se accionan con energ\u00edas renovables y los ha explicado a sus compa\u00f1eros y compa\u00f1eras de Primaria.<\/p>\n<p>El alumnado de ESO ha adquirido conceptos relacionados con el magnetismo, estructuras, electricidad, electr\u00f3nica y rob\u00f3tica. Mientras tanto el alumnado de Primaria se ha concienciado sobre el uso de energ\u00edas renovables.<\/p>\n<p><img loading=\"lazy\" class=\"aligncenter size-full wp-image-72\" src=\"http:\/\/andaluciamejorconciencia.fundaciondescubre.es\/energiasrenovables\/wp-content\/uploads\/sites\/25\/2018\/04\/act1_1.jpg\" alt=\"act1_1\" width=\"567\" height=\"425\" srcset=\"https:\/\/andaluciamejorconciencia.fundaciondescubre.es\/energiasrenovables\/wp-content\/uploads\/sites\/25\/2018\/04\/act1_1.jpg 567w, https:\/\/andaluciamejorconciencia.fundaciondescubre.es\/energiasrenovables\/wp-content\/uploads\/sites\/25\/2018\/04\/act1_1-300x225.jpg 300w\" sizes=\"(max-width: 567px) 85vw, 567px\" \/> <img loading=\"lazy\" class=\"aligncenter size-full wp-image-73\" src=\"http:\/\/andaluciamejorconciencia.fundaciondescubre.es\/energiasrenovables\/wp-content\/uploads\/sites\/25\/2018\/04\/act1_2.jpg\" alt=\"act1_2\" width=\"567\" height=\"425\" srcset=\"https:\/\/andaluciamejorconciencia.fundaciondescubre.es\/energiasrenovables\/wp-content\/uploads\/sites\/25\/2018\/04\/act1_2.jpg 567w, https:\/\/andaluciamejorconciencia.fundaciondescubre.es\/energiasrenovables\/wp-content\/uploads\/sites\/25\/2018\/04\/act1_2-300x225.jpg 300w\" sizes=\"(max-width: 567px) 85vw, 567px\" \/> <img loading=\"lazy\" class=\"aligncenter size-full wp-image-74\" src=\"http:\/\/andaluciamejorconciencia.fundaciondescubre.es\/energiasrenovables\/wp-content\/uploads\/sites\/25\/2018\/04\/act1_3.jpg\" alt=\"act1_3\" width=\"567\" height=\"425\" srcset=\"https:\/\/andaluciamejorconciencia.fundaciondescubre.es\/energiasrenovables\/wp-content\/uploads\/sites\/25\/2018\/04\/act1_3.jpg 567w, https:\/\/andaluciamejorconciencia.fundaciondescubre.es\/energiasrenovables\/wp-content\/uploads\/sites\/25\/2018\/04\/act1_3-300x225.jpg 300w\" sizes=\"(max-width: 567px) 85vw, 567px\" \/> <img loading=\"lazy\" class=\"aligncenter size-full wp-image-75\" src=\"http:\/\/andaluciamejorconciencia.fundaciondescubre.es\/energiasrenovables\/wp-content\/uploads\/sites\/25\/2018\/04\/act1_4.jpg\" alt=\"act1_4\" width=\"568\" height=\"353\" srcset=\"https:\/\/andaluciamejorconciencia.fundaciondescubre.es\/energiasrenovables\/wp-content\/uploads\/sites\/25\/2018\/04\/act1_4.jpg 568w, https:\/\/andaluciamejorconciencia.fundaciondescubre.es\/energiasrenovables\/wp-content\/uploads\/sites\/25\/2018\/04\/act1_4-300x186.jpg 300w\" sizes=\"(max-width: 568px) 85vw, 568px\" \/><\/p>\n","protected":false},"excerpt":{"rendered":"<p>&nbsp; El alumnado participante ha realizado modelos de maquetas que se accionan con energ\u00edas renovables y los ha explicado a sus compa\u00f1eros y compa\u00f1eras de Primaria. El alumnado de ESO ha adquirido conceptos relacionados con el magnetismo, estructuras, electricidad, electr\u00f3nica y rob\u00f3tica. Mientras tanto el alumnado de Primaria se ha concienciado sobre el uso de &hellip; <a href=\"https:\/\/andaluciamejorconciencia.fundaciondescubre.es\/energiasrenovables\/es\/noticias\/primera-actividad-maquetas\/\" class=\"more-link\">Continuar leyendo<span class=\"screen-reader-text\"> &#8220;Primera actividad: maquetas&#8221;<\/span><\/a><\/p>\n","protected":false},"author":20,"featured_media":72,"comment_status":"open","ping_status":"open","sticky":false,"template":"","format":"standard","meta":[],"categories":[15],"tags":[],"yoast_head":"<!-- This site is optimized with the Yoast SEO plugin v16.4 - https:\/\/yoast.com\/wordpress\/plugins\/seo\/ -->\n<title>Primera actividad: maquetas - Energ\u00edas renovables \u00a1Aprendiendo a utilizar el sol, el agua y el viento!<\/title>\n<meta name=\"robots\" content=\"index, follow, max-snippet:-1, max-image-preview:large, max-video-preview:-1\" \/>\n<link rel=\"canonical\" href=\"https:\/\/andaluciamejorconciencia.fundaciondescubre.es\/energiasrenovables\/es\/noticias\/primera-actividad-maquetas\/\" \/>\n<meta property=\"og:locale\" content=\"es_ES\" \/>\n<meta property=\"og:type\" content=\"article\" \/>\n<meta property=\"og:title\" content=\"Primera actividad: maquetas - Energ\u00edas renovables \u00a1Aprendiendo a utilizar el sol, el agua y el viento!\" \/>\n<meta property=\"og:description\" content=\"&nbsp; El alumnado participante ha realizado modelos de maquetas que se accionan con energ\u00edas renovables y los ha explicado a sus compa\u00f1eros y compa\u00f1eras de Primaria. El alumnado de ESO ha adquirido conceptos relacionados con el magnetismo, estructuras, electricidad, electr\u00f3nica y rob\u00f3tica. Mientras tanto el alumnado de Primaria se ha concienciado sobre el uso de &hellip; Continuar leyendo &quot;Primera actividad: maquetas&quot;\" \/>\n<meta property=\"og:url\" content=\"https:\/\/andaluciamejorconciencia.fundaciondescubre.es\/energiasrenovables\/es\/noticias\/primera-actividad-maquetas\/\" \/>\n<meta property=\"og:site_name\" content=\"Energ\u00edas renovables \u00a1Aprendiendo a utilizar el sol, el agua y el viento!\" \/>\n<meta property=\"article:published_time\" content=\"2018-04-03T09:58:27+00:00\" \/>\n<meta property=\"article:modified_time\" content=\"2018-05-09T09:23:11+00:00\" \/>\n<meta property=\"og:image\" content=\"https:\/\/andaluciamejorconciencia.fundaciondescubre.es\/energiasrenovables\/wp-content\/uploads\/sites\/25\/2018\/04\/act1_1.jpg\" \/>\n\t<meta property=\"og:image:width\" content=\"567\" \/>\n\t<meta property=\"og:image:height\" content=\"425\" \/>\n<meta name=\"twitter:card\" content=\"summary\" \/>\n<script type=\"application\/ld+json\" class=\"yoast-schema-graph\">{\"@context\":\"https:\/\/schema.org\",\"@graph\":[{\"@type\":\"WebSite\",\"@id\":\"https:\/\/andaluciamejorconciencia.fundaciondescubre.es\/energiasrenovables\/#website\",\"url\":\"https:\/\/andaluciamejorconciencia.fundaciondescubre.es\/energiasrenovables\/\",\"name\":\"Energ\\u00edas renovables \\u00a1Aprendiendo a utilizar el sol, el agua y el viento!\",\"description\":\"\",\"potentialAction\":[{\"@type\":\"SearchAction\",\"target\":\"https:\/\/andaluciamejorconciencia.fundaciondescubre.es\/energiasrenovables\/?s={search_term_string}\",\"query-input\":\"required name=search_term_string\"}],\"inLanguage\":\"es\"},{\"@type\":\"ImageObject\",\"@id\":\"https:\/\/andaluciamejorconciencia.fundaciondescubre.es\/energiasrenovables\/es\/noticias\/primera-actividad-maquetas\/#primaryimage\",\"inLanguage\":\"es\",\"url\":\"https:\/\/andaluciamejorconciencia.fundaciondescubre.es\/energiasrenovables\/wp-content\/uploads\/sites\/25\/2018\/04\/act1_1.jpg\",\"contentUrl\":\"https:\/\/andaluciamejorconciencia.fundaciondescubre.es\/energiasrenovables\/wp-content\/uploads\/sites\/25\/2018\/04\/act1_1.jpg\",\"width\":567,\"height\":425},{\"@type\":\"WebPage\",\"@id\":\"https:\/\/andaluciamejorconciencia.fundaciondescubre.es\/energiasrenovables\/es\/noticias\/primera-actividad-maquetas\/#webpage\",\"url\":\"https:\/\/andaluciamejorconciencia.fundaciondescubre.es\/energiasrenovables\/es\/noticias\/primera-actividad-maquetas\/\",\"name\":\"Primera actividad: maquetas - Energ\\u00edas renovables \\u00a1Aprendiendo a utilizar el sol, el agua y el viento!\",\"isPartOf\":{\"@id\":\"https:\/\/andaluciamejorconciencia.fundaciondescubre.es\/energiasrenovables\/#website\"},\"primaryImageOfPage\":{\"@id\":\"https:\/\/andaluciamejorconciencia.fundaciondescubre.es\/energiasrenovables\/es\/noticias\/primera-actividad-maquetas\/#primaryimage\"},\"datePublished\":\"2018-04-03T09:58:27+00:00\",\"dateModified\":\"2018-05-09T09:23:11+00:00\",\"author\":{\"@id\":\"https:\/\/andaluciamejorconciencia.fundaciondescubre.es\/energiasrenovables\/#\/schema\/person\/7673a42a86619d77aae1c36a4b5b49a9\"},\"breadcrumb\":{\"@id\":\"https:\/\/andaluciamejorconciencia.fundaciondescubre.es\/energiasrenovables\/es\/noticias\/primera-actividad-maquetas\/#breadcrumb\"},\"inLanguage\":\"es\",\"potentialAction\":[{\"@type\":\"ReadAction\",\"target\":[\"https:\/\/andaluciamejorconciencia.fundaciondescubre.es\/energiasrenovables\/es\/noticias\/primera-actividad-maquetas\/\"]}]},{\"@type\":\"BreadcrumbList\",\"@id\":\"https:\/\/andaluciamejorconciencia.fundaciondescubre.es\/energiasrenovables\/es\/noticias\/primera-actividad-maquetas\/#breadcrumb\",\"itemListElement\":[{\"@type\":\"ListItem\",\"position\":1,\"item\":{\"@type\":\"WebPage\",\"@id\":\"https:\/\/andaluciamejorconciencia.fundaciondescubre.es\/energiasrenovables\/\",\"url\":\"https:\/\/andaluciamejorconciencia.fundaciondescubre.es\/energiasrenovables\/\",\"name\":\"Portada\"}},{\"@type\":\"ListItem\",\"position\":2,\"item\":{\"@id\":\"https:\/\/andaluciamejorconciencia.fundaciondescubre.es\/energiasrenovables\/es\/noticias\/primera-actividad-maquetas\/#webpage\"}}]},{\"@type\":\"Person\",\"@id\":\"https:\/\/andaluciamejorconciencia.fundaciondescubre.es\/energiasrenovables\/#\/schema\/person\/7673a42a86619d77aae1c36a4b5b49a9\",\"name\":\"jorgejfrias\",\"url\":\"https:\/\/andaluciamejorconciencia.fundaciondescubre.es\/energiasrenovables\/author\/jorgejfrias\/\"}]}<\/script>\n<!-- \/ Yoast SEO plugin. -->","_links":{"self":[{"href":"https:\/\/andaluciamejorconciencia.fundaciondescubre.es\/energiasrenovables\/wp-json\/wp\/v2\/posts\/71"}],"collection":[{"href":"https:\/\/andaluciamejorconciencia.fundaciondescubre.es\/energiasrenovables\/wp-json\/wp\/v2\/posts"}],"about":[{"href":"https:\/\/andaluciamejorconciencia.fundaciondescubre.es\/energiasrenovables\/wp-json\/wp\/v2\/types\/post"}],"author":[{"embeddable":true,"href":"https:\/\/andaluciamejorconciencia.fundaciondescubre.es\/energiasrenovables\/wp-json\/wp\/v2\/users\/20"}],"replies":[{"embeddable":true,"href":"https:\/\/andaluciamejorconciencia.fundaciondescubre.es\/energiasrenovables\/wp-json\/wp\/v2\/comments?post=71"}],"version-history":[{"count":3,"href":"https:\/\/andaluciamejorconciencia.fundaciondescubre.es\/energiasrenovables\/wp-json\/wp\/v2\/posts\/71\/revisions"}],"predecessor-version":[{"id":95,"href":"https:\/\/andaluciamejorconciencia.fundaciondescubre.es\/energiasrenovables\/wp-json\/wp\/v2\/posts\/71\/revisions\/95"}],"wp:featuredmedia":[{"embeddable":true,"href":"https:\/\/andaluciamejorconciencia.fundaciondescubre.es\/energiasrenovables\/wp-json\/wp\/v2\/media\/72"}],"wp:attachment":[{"href":"https:\/\/andaluciamejorconciencia.fundaciondescubre.es\/energiasrenovables\/wp-json\/wp\/v2\/media?parent=71"}],"wp:term":[{"taxonomy":"category","embeddable":true,"href":"https:\/\/andaluciamejorconciencia.fundaciondescubre.es\/energiasrenovables\/wp-json\/wp\/v2\/categories?post=71"},{"taxonomy":"post_tag","embeddable":true,"href":"https:\/\/andaluciamejorconciencia.fundaciondescubre.es\/energiasrenovables\/wp-json\/wp\/v2\/tags?post=71"}],"curies":[{"name":"wp","href":"https:\/\/api.w.org\/{rel}","templated":true}]}}