{"id":55,"date":"2018-03-21T16:28:31","date_gmt":"2018-03-21T16:28:31","guid":{"rendered":"http:\/\/andaluciamejorconciencia.fundaciondescubre.es\/energiasrenovables\/?p=55"},"modified":"2018-05-09T09:24:03","modified_gmt":"2018-05-09T09:24:03","slug":"nuestro-kit-de-montaje","status":"publish","type":"post","link":"https:\/\/andaluciamejorconciencia.fundaciondescubre.es\/energiasrenovables\/es\/noticias\/nuestro-kit-de-montaje\/","title":{"rendered":"Nuestro kit de montaje"},"content":{"rendered":"<p>En clase hablamos sobre las energ\u00edas renovables y no renovables de cara al tema vertebrador de este proyecto, mostrando los peques mucho inter\u00e9s y decidiendo as\u00ed investigar m\u00e1s acerca de ellas, as\u00ed que hemos emprendido un proyecto interetapa donde nuestros compa\u00f1eros de Secundaria (2\u00ba, 3\u00ba y 4\u00ba ESO) montar\u00e1n un total de 9 modelos que nuestros alumnos de 1\u00ba ciclo de Primaria podr\u00e1n accionar de forma real con energ\u00eda hidr\u00e1ulica, e\u00f3lica y solar. Como material estrella para este proyecto hemos usado la\u00a0caja\u00a0<a href=\"http:\/\/www.fischertechnik.de\/en\/desktopdefault.aspx\/tabid-20\/38_read-263\/usetemplate-2_column_pano\/usetemplate-2_column_pano\/\">Oeco Energy de Fischertechnik,\u00a0<\/a>un material que nos va a servir para llevar a cabo varios proyectos funcionales usando energ\u00edas renovables.<\/p>\n<p><img loading=\"lazy\" class=\"aligncenter size-medium wp-image-44\" src=\"http:\/\/andaluciamejorconciencia.fundaciondescubre.es\/energiasrenovables\/wp-content\/uploads\/sites\/25\/2018\/04\/caja-300x200.jpg\" alt=\"caja\" width=\"300\" height=\"200\" srcset=\"https:\/\/andaluciamejorconciencia.fundaciondescubre.es\/energiasrenovables\/wp-content\/uploads\/sites\/25\/2018\/04\/caja-300x200.jpg 300w, https:\/\/andaluciamejorconciencia.fundaciondescubre.es\/energiasrenovables\/wp-content\/uploads\/sites\/25\/2018\/04\/caja-768x512.jpg 768w, https:\/\/andaluciamejorconciencia.fundaciondescubre.es\/energiasrenovables\/wp-content\/uploads\/sites\/25\/2018\/04\/caja-1024x682.jpg 1024w, https:\/\/andaluciamejorconciencia.fundaciondescubre.es\/energiasrenovables\/wp-content\/uploads\/sites\/25\/2018\/04\/caja-285x190.jpg 285w, https:\/\/andaluciamejorconciencia.fundaciondescubre.es\/energiasrenovables\/wp-content\/uploads\/sites\/25\/2018\/04\/caja-720x480.jpg 720w, https:\/\/andaluciamejorconciencia.fundaciondescubre.es\/energiasrenovables\/wp-content\/uploads\/sites\/25\/2018\/04\/caja-1200x800.jpg 1200w, https:\/\/andaluciamejorconciencia.fundaciondescubre.es\/energiasrenovables\/wp-content\/uploads\/sites\/25\/2018\/04\/caja.jpg 1280w\" sizes=\"(max-width: 300px) 85vw, 300px\" \/> <img loading=\"lazy\" class=\"aligncenter size-medium wp-image-57\" src=\"http:\/\/andaluciamejorconciencia.fundaciondescubre.es\/energiasrenovables\/wp-content\/uploads\/sites\/25\/2018\/04\/manual-300x200.jpg\" alt=\"manual\" width=\"300\" height=\"200\" srcset=\"https:\/\/andaluciamejorconciencia.fundaciondescubre.es\/energiasrenovables\/wp-content\/uploads\/sites\/25\/2018\/04\/manual-300x200.jpg 300w, https:\/\/andaluciamejorconciencia.fundaciondescubre.es\/energiasrenovables\/wp-content\/uploads\/sites\/25\/2018\/04\/manual-768x512.jpg 768w, https:\/\/andaluciamejorconciencia.fundaciondescubre.es\/energiasrenovables\/wp-content\/uploads\/sites\/25\/2018\/04\/manual-1024x682.jpg 1024w, https:\/\/andaluciamejorconciencia.fundaciondescubre.es\/energiasrenovables\/wp-content\/uploads\/sites\/25\/2018\/04\/manual-285x190.jpg 285w, https:\/\/andaluciamejorconciencia.fundaciondescubre.es\/energiasrenovables\/wp-content\/uploads\/sites\/25\/2018\/04\/manual-720x480.jpg 720w, https:\/\/andaluciamejorconciencia.fundaciondescubre.es\/energiasrenovables\/wp-content\/uploads\/sites\/25\/2018\/04\/manual-1200x800.jpg 1200w, https:\/\/andaluciamejorconciencia.fundaciondescubre.es\/energiasrenovables\/wp-content\/uploads\/sites\/25\/2018\/04\/manual.jpg 1280w\" sizes=\"(max-width: 300px) 85vw, 300px\" \/> <img loading=\"lazy\" class=\"size-medium wp-image-56 aligncenter\" src=\"http:\/\/andaluciamejorconciencia.fundaciondescubre.es\/energiasrenovables\/wp-content\/uploads\/sites\/25\/2018\/04\/interior-300x200.jpg\" alt=\"interior\" width=\"300\" height=\"200\" srcset=\"https:\/\/andaluciamejorconciencia.fundaciondescubre.es\/energiasrenovables\/wp-content\/uploads\/sites\/25\/2018\/04\/interior-300x200.jpg 300w, https:\/\/andaluciamejorconciencia.fundaciondescubre.es\/energiasrenovables\/wp-content\/uploads\/sites\/25\/2018\/04\/interior-768x512.jpg 768w, https:\/\/andaluciamejorconciencia.fundaciondescubre.es\/energiasrenovables\/wp-content\/uploads\/sites\/25\/2018\/04\/interior-1024x682.jpg 1024w, https:\/\/andaluciamejorconciencia.fundaciondescubre.es\/energiasrenovables\/wp-content\/uploads\/sites\/25\/2018\/04\/interior-285x190.jpg 285w, https:\/\/andaluciamejorconciencia.fundaciondescubre.es\/energiasrenovables\/wp-content\/uploads\/sites\/25\/2018\/04\/interior-720x480.jpg 720w, https:\/\/andaluciamejorconciencia.fundaciondescubre.es\/energiasrenovables\/wp-content\/uploads\/sites\/25\/2018\/04\/interior-1200x800.jpg 1200w, https:\/\/andaluciamejorconciencia.fundaciondescubre.es\/energiasrenovables\/wp-content\/uploads\/sites\/25\/2018\/04\/interior.jpg 1280w\" sizes=\"(max-width: 300px) 85vw, 300px\" \/><\/p>\n<p>Con este material va a ser muy f\u00e1cil llevarlo a cabo porque adem\u00e1s de proporcionarnos proyectos reales que pueden montar y probar los\u00a0ni\u00f1os con sus instrucciones de montaje, viene un dossier con informaci\u00f3n de cada proyecto que les ayuda a entender cada uno, con fotos y explicaciones de los mecanismos reales a los que representan.<\/p>\n<p><strong><em><u>La Caja\u00a0<\/u><\/em><\/strong><a href=\"http:\/\/www.fischertechnik.de\/en\/desktopdefault.aspx\/tabid-20\/38_read-263\/usetemplate-2_column_pano\/usetemplate-2_column_pano\/\"><strong><em>Oeco Energy de Fischertechnik,\u00a0<\/em><\/strong><\/a>; Proporciona proyectos reales que pueden montar y probar los\u00a0ni\u00f1os con sus instrucciones de montaje, viene un dossier con informaci\u00f3n de cada proyecto que les ayuda a entender cada uno, con fotos y explicaciones de los mecanismos reales a los que representan.<\/p>\n<p>Adem\u00e1s de la explicaci\u00f3n de cada proyecto viene una explicaci\u00f3n de las energ\u00edas renovables y no renovables en general con sus ventajas y desventajas, adem\u00e1s de la contextualizaci\u00f3n hist\u00f3rica de alguno de los proyectos.<\/p>\n","protected":false},"excerpt":{"rendered":"<p>En clase hablamos sobre las energ\u00edas renovables y no renovables de cara al tema vertebrador de este proyecto, mostrando los peques mucho inter\u00e9s y decidiendo as\u00ed investigar m\u00e1s acerca de ellas, as\u00ed que hemos emprendido un proyecto interetapa donde nuestros compa\u00f1eros de Secundaria (2\u00ba, 3\u00ba y 4\u00ba ESO) montar\u00e1n un total de 9 modelos que &hellip; <a href=\"https:\/\/andaluciamejorconciencia.fundaciondescubre.es\/energiasrenovables\/es\/noticias\/nuestro-kit-de-montaje\/\" class=\"more-link\">Continuar leyendo<span class=\"screen-reader-text\"> &#8220;Nuestro kit de montaje&#8221;<\/span><\/a><\/p>\n","protected":false},"author":20,"featured_media":56,"comment_status":"open","ping_status":"open","sticky":false,"template":"","format":"standard","meta":[],"categories":[15],"tags":[],"yoast_head":"<!-- This site is optimized with the Yoast SEO plugin v16.4 - https:\/\/yoast.com\/wordpress\/plugins\/seo\/ -->\n<title>Nuestro kit de montaje - Energ\u00edas renovables \u00a1Aprendiendo a utilizar el sol, el agua y el viento!<\/title>\n<meta name=\"robots\" content=\"index, follow, max-snippet:-1, max-image-preview:large, max-video-preview:-1\" \/>\n<link rel=\"canonical\" href=\"https:\/\/andaluciamejorconciencia.fundaciondescubre.es\/energiasrenovables\/es\/noticias\/nuestro-kit-de-montaje\/\" \/>\n<meta property=\"og:locale\" content=\"es_ES\" \/>\n<meta property=\"og:type\" content=\"article\" \/>\n<meta property=\"og:title\" content=\"Nuestro kit de montaje - Energ\u00edas renovables \u00a1Aprendiendo a utilizar el sol, el agua y el viento!\" \/>\n<meta property=\"og:description\" content=\"En clase hablamos sobre las energ\u00edas renovables y no renovables de cara al tema vertebrador de este proyecto, mostrando los peques mucho inter\u00e9s y decidiendo as\u00ed investigar m\u00e1s acerca de ellas, as\u00ed que hemos emprendido un proyecto interetapa donde nuestros compa\u00f1eros de Secundaria (2\u00ba, 3\u00ba y 4\u00ba ESO) montar\u00e1n un total de 9 modelos que &hellip; Continuar leyendo &quot;Nuestro kit de montaje&quot;\" \/>\n<meta property=\"og:url\" content=\"https:\/\/andaluciamejorconciencia.fundaciondescubre.es\/energiasrenovables\/es\/noticias\/nuestro-kit-de-montaje\/\" \/>\n<meta property=\"og:site_name\" content=\"Energ\u00edas renovables \u00a1Aprendiendo a utilizar el sol, el agua y el viento!\" \/>\n<meta property=\"article:published_time\" content=\"2018-03-21T16:28:31+00:00\" \/>\n<meta property=\"article:modified_time\" content=\"2018-05-09T09:24:03+00:00\" \/>\n<meta property=\"og:image\" content=\"https:\/\/andaluciamejorconciencia.fundaciondescubre.es\/energiasrenovables\/wp-content\/uploads\/sites\/25\/2018\/04\/interior.jpg\" \/>\n\t<meta property=\"og:image:width\" content=\"1280\" \/>\n\t<meta property=\"og:image:height\" content=\"853\" \/>\n<meta name=\"twitter:card\" content=\"summary\" \/>\n<meta name=\"twitter:label1\" content=\"Tiempo de lectura\" \/>\n\t<meta name=\"twitter:data1\" content=\"1 minuto\" \/>\n<script type=\"application\/ld+json\" class=\"yoast-schema-graph\">{\"@context\":\"https:\/\/schema.org\",\"@graph\":[{\"@type\":\"WebSite\",\"@id\":\"https:\/\/andaluciamejorconciencia.fundaciondescubre.es\/energiasrenovables\/#website\",\"url\":\"https:\/\/andaluciamejorconciencia.fundaciondescubre.es\/energiasrenovables\/\",\"name\":\"Energ\\u00edas renovables \\u00a1Aprendiendo a utilizar el sol, el agua y el viento!\",\"description\":\"\",\"potentialAction\":[{\"@type\":\"SearchAction\",\"target\":\"https:\/\/andaluciamejorconciencia.fundaciondescubre.es\/energiasrenovables\/?s={search_term_string}\",\"query-input\":\"required name=search_term_string\"}],\"inLanguage\":\"es\"},{\"@type\":\"ImageObject\",\"@id\":\"https:\/\/andaluciamejorconciencia.fundaciondescubre.es\/energiasrenovables\/es\/noticias\/nuestro-kit-de-montaje\/#primaryimage\",\"inLanguage\":\"es\",\"url\":\"https:\/\/andaluciamejorconciencia.fundaciondescubre.es\/energiasrenovables\/wp-content\/uploads\/sites\/25\/2018\/04\/interior.jpg\",\"contentUrl\":\"https:\/\/andaluciamejorconciencia.fundaciondescubre.es\/energiasrenovables\/wp-content\/uploads\/sites\/25\/2018\/04\/interior.jpg\",\"width\":1280,\"height\":853},{\"@type\":\"WebPage\",\"@id\":\"https:\/\/andaluciamejorconciencia.fundaciondescubre.es\/energiasrenovables\/es\/noticias\/nuestro-kit-de-montaje\/#webpage\",\"url\":\"https:\/\/andaluciamejorconciencia.fundaciondescubre.es\/energiasrenovables\/es\/noticias\/nuestro-kit-de-montaje\/\",\"name\":\"Nuestro kit de montaje - Energ\\u00edas renovables \\u00a1Aprendiendo a utilizar el sol, el agua y el viento!\",\"isPartOf\":{\"@id\":\"https:\/\/andaluciamejorconciencia.fundaciondescubre.es\/energiasrenovables\/#website\"},\"primaryImageOfPage\":{\"@id\":\"https:\/\/andaluciamejorconciencia.fundaciondescubre.es\/energiasrenovables\/es\/noticias\/nuestro-kit-de-montaje\/#primaryimage\"},\"datePublished\":\"2018-03-21T16:28:31+00:00\",\"dateModified\":\"2018-05-09T09:24:03+00:00\",\"author\":{\"@id\":\"https:\/\/andaluciamejorconciencia.fundaciondescubre.es\/energiasrenovables\/#\/schema\/person\/7673a42a86619d77aae1c36a4b5b49a9\"},\"breadcrumb\":{\"@id\":\"https:\/\/andaluciamejorconciencia.fundaciondescubre.es\/energiasrenovables\/es\/noticias\/nuestro-kit-de-montaje\/#breadcrumb\"},\"inLanguage\":\"es\",\"potentialAction\":[{\"@type\":\"ReadAction\",\"target\":[\"https:\/\/andaluciamejorconciencia.fundaciondescubre.es\/energiasrenovables\/es\/noticias\/nuestro-kit-de-montaje\/\"]}]},{\"@type\":\"BreadcrumbList\",\"@id\":\"https:\/\/andaluciamejorconciencia.fundaciondescubre.es\/energiasrenovables\/es\/noticias\/nuestro-kit-de-montaje\/#breadcrumb\",\"itemListElement\":[{\"@type\":\"ListItem\",\"position\":1,\"item\":{\"@type\":\"WebPage\",\"@id\":\"https:\/\/andaluciamejorconciencia.fundaciondescubre.es\/energiasrenovables\/\",\"url\":\"https:\/\/andaluciamejorconciencia.fundaciondescubre.es\/energiasrenovables\/\",\"name\":\"Portada\"}},{\"@type\":\"ListItem\",\"position\":2,\"item\":{\"@id\":\"https:\/\/andaluciamejorconciencia.fundaciondescubre.es\/energiasrenovables\/es\/noticias\/nuestro-kit-de-montaje\/#webpage\"}}]},{\"@type\":\"Person\",\"@id\":\"https:\/\/andaluciamejorconciencia.fundaciondescubre.es\/energiasrenovables\/#\/schema\/person\/7673a42a86619d77aae1c36a4b5b49a9\",\"name\":\"jorgejfrias\",\"url\":\"https:\/\/andaluciamejorconciencia.fundaciondescubre.es\/energiasrenovables\/author\/jorgejfrias\/\"}]}<\/script>\n<!-- \/ Yoast SEO plugin. -->","_links":{"self":[{"href":"https:\/\/andaluciamejorconciencia.fundaciondescubre.es\/energiasrenovables\/wp-json\/wp\/v2\/posts\/55"}],"collection":[{"href":"https:\/\/andaluciamejorconciencia.fundaciondescubre.es\/energiasrenovables\/wp-json\/wp\/v2\/posts"}],"about":[{"href":"https:\/\/andaluciamejorconciencia.fundaciondescubre.es\/energiasrenovables\/wp-json\/wp\/v2\/types\/post"}],"author":[{"embeddable":true,"href":"https:\/\/andaluciamejorconciencia.fundaciondescubre.es\/energiasrenovables\/wp-json\/wp\/v2\/users\/20"}],"replies":[{"embeddable":true,"href":"https:\/\/andaluciamejorconciencia.fundaciondescubre.es\/energiasrenovables\/wp-json\/wp\/v2\/comments?post=55"}],"version-history":[{"count":2,"href":"https:\/\/andaluciamejorconciencia.fundaciondescubre.es\/energiasrenovables\/wp-json\/wp\/v2\/posts\/55\/revisions"}],"predecessor-version":[{"id":59,"href":"https:\/\/andaluciamejorconciencia.fundaciondescubre.es\/energiasrenovables\/wp-json\/wp\/v2\/posts\/55\/revisions\/59"}],"wp:featuredmedia":[{"embeddable":true,"href":"https:\/\/andaluciamejorconciencia.fundaciondescubre.es\/energiasrenovables\/wp-json\/wp\/v2\/media\/56"}],"wp:attachment":[{"href":"https:\/\/andaluciamejorconciencia.fundaciondescubre.es\/energiasrenovables\/wp-json\/wp\/v2\/media?parent=55"}],"wp:term":[{"taxonomy":"category","embeddable":true,"href":"https:\/\/andaluciamejorconciencia.fundaciondescubre.es\/energiasrenovables\/wp-json\/wp\/v2\/categories?post=55"},{"taxonomy":"post_tag","embeddable":true,"href":"https:\/\/andaluciamejorconciencia.fundaciondescubre.es\/energiasrenovables\/wp-json\/wp\/v2\/tags?post=55"}],"curies":[{"name":"wp","href":"https:\/\/api.w.org\/{rel}","templated":true}]}}