{"id":367,"date":"2017-06-15T11:23:26","date_gmt":"2017-06-15T11:23:26","guid":{"rendered":"http:\/\/andaluciamejorconciencia.fundaciondescubre.es\/echaavolar\/?p=367"},"modified":"2017-06-15T11:31:11","modified_gmt":"2017-06-15T11:31:11","slug":"celebramos-dia-mundial-del-medio-ambiente","status":"publish","type":"post","link":"https:\/\/andaluciamejorconciencia.fundaciondescubre.es\/echaavolar\/es\/sin-categoria\/celebramos-dia-mundial-del-medio-ambiente\/","title":{"rendered":"Celebramos el d\u00eda mundial del medio ambiente"},"content":{"rendered":"<p style=\"text-align: justify\"><strong>El pasado 5 de junio de 2017, d\u00eda mundial del medio ambiente, los centros educativos participantes en el proyecto <span style=\"color: #0000ff\">\u2018Echa a volar en Roquetas de Mar\u2019<\/span> realizaron una actividad divulgativa en sus respectivos centros.<\/strong> Durante el recreo, algunos alumnos colocaron una mesa informativa repleta de informaci\u00f3n acerca de las especies que se trabajan en el proyecto, la fauna urbana beneficiosa; especies insect\u00edvoras (aves como el avi\u00f3n, la golondrina y el vencejo com\u00fan; y mam\u00edferos como los murci\u00e9lagos) e insectos polinizadores (abejas silvestres solitarias). Adem\u00e1s, mostraron muy orgullosos los refugios que ellos mismos hab\u00edan construido en los talleres anteriores.<\/p>\n<p style=\"text-align: justify\">Los alumnos del <a href=\"http:\/\/iescarlosiii.es\/\">IES Carlos III<\/a> elaboraron un mural donde se inclu\u00edan im\u00e1genes de lo que hab\u00edan ido realizando durante el curso escolar. Tambi\u00e9n colocaron los <a href=\"https:\/\/andaluciamejorconciencia.fundaciondescubre.es\/echaavolar\/es\/sin-categoria\/204\/\">paneles informativos<\/a> hechos por ellos mismo sobre la mesa, acompa\u00f1ados de algunos de los nidos para avi\u00f3n com\u00fan (a base de mortero; cemento y arena) y de golondrina (a base de papel mach\u00e9) que ellos mismos hab\u00edan dado forma con sus propias manos. Adem\u00e1s, un peque\u00f1o grupo de alumnas se dedic\u00f3 a repartir peque\u00f1os folletos con informaci\u00f3n del proyecto y el motivo de la conservaci\u00f3n de estas especies.<\/p>\n<figure id=\"attachment_372\" aria-describedby=\"caption-attachment-372\" style=\"width: 899px\" class=\"wp-caption alignnone\"><img loading=\"lazy\" class=\"size-full wp-image-372\" src=\"http:\/\/andaluciamejorconciencia.fundaciondescubre.es\/echaavolar\/wp-content\/uploads\/sites\/20\/2017\/06\/Mesa-informativa.jpg\" alt=\"Mesa informativa de IES Carlos III con mural, paneles informativos y nidos de avi\u00f3n y golondrina com\u00fan\" width=\"899\" height=\"608\" srcset=\"https:\/\/andaluciamejorconciencia.fundaciondescubre.es\/echaavolar\/wp-content\/uploads\/sites\/20\/2017\/06\/Mesa-informativa.jpg 899w, https:\/\/andaluciamejorconciencia.fundaciondescubre.es\/echaavolar\/wp-content\/uploads\/sites\/20\/2017\/06\/Mesa-informativa-300x203.jpg 300w, https:\/\/andaluciamejorconciencia.fundaciondescubre.es\/echaavolar\/wp-content\/uploads\/sites\/20\/2017\/06\/Mesa-informativa-768x519.jpg 768w, https:\/\/andaluciamejorconciencia.fundaciondescubre.es\/echaavolar\/wp-content\/uploads\/sites\/20\/2017\/06\/Mesa-informativa-720x487.jpg 720w\" sizes=\"(max-width: 709px) 85vw, (max-width: 909px) 67vw, (max-width: 1362px) 62vw, 840px\" \/><figcaption id=\"caption-attachment-372\" class=\"wp-caption-text\"><em>Mesa informativa de IES Carlos III: mural, paneles informativos y nidos de avi\u00f3n y golondrina com\u00fan<\/em><\/figcaption><\/figure>\n<p style=\"text-align: justify\">En el <a href=\"http:\/\/www.colegioportocarrero.net\/\">Colegio Portocarrero<\/a> algunos alumnos se sentaron a la sombra alrededor de una mesa en la que mostraban fichas y paneles de las especies beneficiosas. Y a la vez ense\u00f1aron emocionados los nidos de avi\u00f3n com\u00fan <a href=\"https:\/\/andaluciamejorconciencia.fundaciondescubre.es\/echaavolar\/es\/noticias\/alumnos-del-ies-parador-colegio-portocarrero-construyen-refugios-fauna\/\">construidos por ellos mismos<\/a>. No se olvidaron de destacar los refugios que tienen <a href=\"https:\/\/andaluciamejorconciencia.fundaciondescubre.es\/echaavolar\/es\/noticias\/nueva-infraestructura-verde-colegio-portocarrero\/\">instalados en su patio<\/a>, principalmente los hoteles de insectos colocados en el huerto.<\/p>\n<figure id=\"attachment_374\" aria-describedby=\"caption-attachment-374\" style=\"width: 698px\" class=\"wp-caption alignnone\"><img loading=\"lazy\" class=\"size-full wp-image-374\" src=\"http:\/\/andaluciamejorconciencia.fundaciondescubre.es\/echaavolar\/wp-content\/uploads\/sites\/20\/2017\/06\/Mesa.jpg\" alt=\"Alumnos en la mesa informativa del Colegio Portocarrero\" width=\"698\" height=\"392\" srcset=\"https:\/\/andaluciamejorconciencia.fundaciondescubre.es\/echaavolar\/wp-content\/uploads\/sites\/20\/2017\/06\/Mesa.jpg 698w, https:\/\/andaluciamejorconciencia.fundaciondescubre.es\/echaavolar\/wp-content\/uploads\/sites\/20\/2017\/06\/Mesa-300x168.jpg 300w\" sizes=\"(max-width: 709px) 85vw, (max-width: 909px) 67vw, (max-width: 984px) 61vw, (max-width: 1362px) 45vw, 600px\" \/><figcaption id=\"caption-attachment-374\" class=\"wp-caption-text\"><em>Alumnos en la mesa informativa del Colegio Portocarrero<\/em><\/figcaption><\/figure>\n<p style=\"text-align: justify\">La divulgaci\u00f3n en el <a href=\"https:\/\/www.ieselparador.com\/\">IES El Parador<\/a> fue similar. Algunos chicos informaron de las especies urbanas beneficiosas, su importancia y los motivos de su conservaci\u00f3n. Se colocaron justo debajo de los nidos que fueron <a href=\"https:\/\/andaluciamejorconciencia.fundaciondescubre.es\/echaavolar\/es\/noticias\/colocamos-los-primeros-refugios-fauna-urbana-beneficiosa\/\">instalados<\/a>, por lo que les result\u00f3 muy f\u00e1cil hablar de sus caracter\u00edsticas. Adem\u00e1s, sobre la mesa, mostraron los refugios de vencejo y murci\u00e9lago, que hab\u00edan <a href=\"https:\/\/andaluciamejorconciencia.fundaciondescubre.es\/echaavolar\/es\/noticias\/alumnos-del-ies-parador-colegio-portocarrero-construyen-refugios-fauna\/\">construido <\/a>con madera en las clases de tecnolog\u00eda.<\/p>\n<figure id=\"attachment_375\" aria-describedby=\"caption-attachment-375\" style=\"width: 775px\" class=\"wp-caption alignnone\"><img loading=\"lazy\" class=\"size-full wp-image-375\" src=\"http:\/\/andaluciamejorconciencia.fundaciondescubre.es\/echaavolar\/wp-content\/uploads\/sites\/20\/2017\/06\/Mesa-informativa-1.jpg\" alt=\"Mesa informativa del IES El Parador con fichas de las especies y refugios de vencejo com\u00fan y murci\u00e9lago\" width=\"775\" height=\"456\" srcset=\"https:\/\/andaluciamejorconciencia.fundaciondescubre.es\/echaavolar\/wp-content\/uploads\/sites\/20\/2017\/06\/Mesa-informativa-1.jpg 775w, https:\/\/andaluciamejorconciencia.fundaciondescubre.es\/echaavolar\/wp-content\/uploads\/sites\/20\/2017\/06\/Mesa-informativa-1-300x177.jpg 300w, https:\/\/andaluciamejorconciencia.fundaciondescubre.es\/echaavolar\/wp-content\/uploads\/sites\/20\/2017\/06\/Mesa-informativa-1-768x452.jpg 768w, https:\/\/andaluciamejorconciencia.fundaciondescubre.es\/echaavolar\/wp-content\/uploads\/sites\/20\/2017\/06\/Mesa-informativa-1-720x424.jpg 720w\" sizes=\"(max-width: 709px) 85vw, (max-width: 909px) 67vw, (max-width: 984px) 61vw, (max-width: 1362px) 45vw, 600px\" \/><figcaption id=\"caption-attachment-375\" class=\"wp-caption-text\"><em>Mesa informativa del IES El Parador con fichas de las especies y refugios de vencejo com\u00fan y murci\u00e9lago<\/em><\/figcaption><\/figure>\n<p style=\"text-align: justify\">La afluencia de alumnos que se acerc\u00f3 a ver la mesa fue numerosa. En algunas ocasiones las preguntas y curiosidades que ten\u00edan se entremezclaban y hablaban al mismo tiempo. Pero la experiencia y lo aprendido durante el curso, result\u00f3 en respuestas seguras y acertadas. El trabajo durante los meses anteriores ase hizo notar.<\/p>\n<figure id=\"attachment_371\" aria-describedby=\"caption-attachment-371\" style=\"width: 586px\" class=\"wp-caption alignnone\"><img loading=\"lazy\" class=\"size-full wp-image-371\" src=\"http:\/\/andaluciamejorconciencia.fundaciondescubre.es\/echaavolar\/wp-content\/uploads\/sites\/20\/2017\/06\/Explicando.jpg\" alt=\"Alumnos del IES Carlos III contestando preguntas\" width=\"586\" height=\"385\" srcset=\"https:\/\/andaluciamejorconciencia.fundaciondescubre.es\/echaavolar\/wp-content\/uploads\/sites\/20\/2017\/06\/Explicando.jpg 586w, https:\/\/andaluciamejorconciencia.fundaciondescubre.es\/echaavolar\/wp-content\/uploads\/sites\/20\/2017\/06\/Explicando-300x197.jpg 300w\" sizes=\"(max-width: 586px) 85vw, 586px\" \/><figcaption id=\"caption-attachment-371\" class=\"wp-caption-text\"><em>Alumnos del IES Carlos III contestando preguntas<\/em><\/figcaption><\/figure>\n<figure id=\"attachment_376\" aria-describedby=\"caption-attachment-376\" style=\"width: 507px\" class=\"wp-caption alignnone\"><img loading=\"lazy\" class=\"size-full wp-image-376\" src=\"http:\/\/andaluciamejorconciencia.fundaciondescubre.es\/echaavolar\/wp-content\/uploads\/sites\/20\/2017\/06\/Preguntas2.jpg\" alt=\"Afluencia de alumnos en el Colegio Portocarrero\" width=\"507\" height=\"368\" srcset=\"https:\/\/andaluciamejorconciencia.fundaciondescubre.es\/echaavolar\/wp-content\/uploads\/sites\/20\/2017\/06\/Preguntas2.jpg 507w, https:\/\/andaluciamejorconciencia.fundaciondescubre.es\/echaavolar\/wp-content\/uploads\/sites\/20\/2017\/06\/Preguntas2-300x218.jpg 300w, https:\/\/andaluciamejorconciencia.fundaciondescubre.es\/echaavolar\/wp-content\/uploads\/sites\/20\/2017\/06\/Preguntas2-400x290.jpg 400w, https:\/\/andaluciamejorconciencia.fundaciondescubre.es\/echaavolar\/wp-content\/uploads\/sites\/20\/2017\/06\/Preguntas2-276x201.jpg 276w\" sizes=\"(max-width: 507px) 85vw, 507px\" \/><figcaption id=\"caption-attachment-376\" class=\"wp-caption-text\"><em>Afluencia de alumnos en el Colegio Portocarrero<\/em><\/figcaption><\/figure>\n<p style=\"text-align: justify\">En la <a href=\"http:\/\/www.efacampomar.es\/\">EFA Campomar<\/a> esta actividad divulgativa se realiz\u00f3 unos d\u00edas antes. En este caso, los alumnos informaron a sus compa\u00f1eros acerca de la <a href=\"https:\/\/andaluciamejorconciencia.fundaciondescubre.es\/echaavolar\/es\/noticias\/nuestro-patrimonio-historico\/\">historia del poniente almeriense<\/a> y el progreso de la tecnolog\u00eda hidr\u00e1ulica. Sin olvidar lo ventajoso que hubiese sido poder acondicionar esas torretas de los motores de los pozos de agua abandonadas en la actualidad, para convertirlas en infraestructuras verdes con refugios para fauna urbana beneficiosa. Al mismo tiempo, dado la formaci\u00f3n que est\u00e1n recibiendo en su centro acerca de la agricultura, los alumnos tambi\u00e9n destacaron la importancia y los beneficios que aportan las especies que se tratan en este proyecto y su necesidad de conservarlas.<\/p>\n<p style=\"text-align: justify\"><strong>Sin el empe\u00f1o de los profesores de cada uno de estos centros educativos, el aprendizaje y asimilaci\u00f3n de los conceptos medioambientales por parte de los alumnos, no hubiera sido posible. As\u00ed que, agradecemos enormemente su implicaci\u00f3n y el trabajo conseguido.<\/strong><\/p>\n<p style=\"text-align: center\"><span style=\"color: #800080\"><strong>\u00a1\u00a1Nos sentimos orgullosos!!<\/strong><\/span><\/p>\n<p style=\"text-align: justify\">El proyecto <span style=\"color: #0000ff\">\u2018Echa a volar\u2019<\/span>, impulsado por <a href=\"http:\/\/serbal-almeria.com\/\">SERBAL<\/a>\u00a0y en el que participan m\u00faltiples colectivos trabajando conjuntamente en comunidad, se encuentra incluido en <a href=\"https:\/\/andaluciamejorconciencia.fundaciondescubre.es\/\">\u2018[Andaluc\u00eda] mejor con Ciencia\u2019<\/a>, el programa de la Fundaci\u00f3n Descubre destinado a involucrar a comunidades para que trabajen en resolver un problema local con fundamentos cient\u00edficos, cofinanciado por la <a href=\"http:\/\/www.fecyt.es\/\">Fundaci\u00f3n Espa\u00f1ola para la Ciencia y Tecnolog\u00eda, FECYT<\/a>.<\/p>\n","protected":false},"excerpt":{"rendered":"<p>El pasado 5 de junio de 2017, d\u00eda mundial del medio ambiente, los centros educativos participantes en el proyecto \u2018Echa a volar en Roquetas de Mar\u2019 realizaron una actividad divulgativa en sus respectivos centros. Durante el recreo, algunos alumnos colocaron una mesa informativa repleta de informaci\u00f3n acerca de las especies que se trabajan en el &hellip; <a href=\"https:\/\/andaluciamejorconciencia.fundaciondescubre.es\/echaavolar\/es\/sin-categoria\/celebramos-dia-mundial-del-medio-ambiente\/\" class=\"more-link\">Continuar leyendo<span class=\"screen-reader-text\"> &#8220;Celebramos el d\u00eda mundial del medio ambiente&#8221;<\/span><\/a><\/p>\n","protected":false},"author":27,"featured_media":373,"comment_status":"open","ping_status":"open","sticky":false,"template":"","format":"standard","meta":[],"categories":[11,15,1],"tags":[48,56,50,54,46,52,34,44,30],"yoast_head":"<!-- This site is optimized with the Yoast SEO plugin v16.4 - https:\/\/yoast.com\/wordpress\/plugins\/seo\/ -->\n<title>Celebramos el d\u00eda mundial del medio ambiente - Echa a volar<\/title>\n<meta name=\"robots\" content=\"index, follow, max-snippet:-1, max-image-preview:large, max-video-preview:-1\" \/>\n<link rel=\"canonical\" href=\"https:\/\/andaluciamejorconciencia.fundaciondescubre.es\/echaavolar\/es\/sin-categoria\/celebramos-dia-mundial-del-medio-ambiente\/\" \/>\n<meta property=\"og:locale\" content=\"es_ES\" \/>\n<meta property=\"og:type\" content=\"article\" \/>\n<meta property=\"og:title\" content=\"Celebramos el d\u00eda mundial del medio ambiente - Echa a volar\" \/>\n<meta property=\"og:description\" content=\"El pasado 5 de junio de 2017, d\u00eda mundial del medio ambiente, los centros educativos participantes en el proyecto \u2018Echa a volar en Roquetas de Mar\u2019 realizaron una actividad divulgativa en sus respectivos centros. Durante el recreo, algunos alumnos colocaron una mesa informativa repleta de informaci\u00f3n acerca de las especies que se trabajan en el &hellip; Continuar leyendo &quot;Celebramos el d\u00eda mundial del medio ambiente&quot;\" \/>\n<meta property=\"og:url\" content=\"https:\/\/andaluciamejorconciencia.fundaciondescubre.es\/echaavolar\/es\/sin-categoria\/celebramos-dia-mundial-del-medio-ambiente\/\" \/>\n<meta property=\"og:site_name\" content=\"Echa a volar\" \/>\n<meta property=\"article:published_time\" content=\"2017-06-15T11:23:26+00:00\" \/>\n<meta property=\"article:modified_time\" content=\"2017-06-15T11:31:11+00:00\" \/>\n<meta property=\"og:image\" content=\"https:\/\/andaluciamejorconciencia.fundaciondescubre.es\/echaavolar\/wp-content\/uploads\/sites\/20\/2017\/06\/Mostrando.jpg\" \/>\n\t<meta property=\"og:image:width\" content=\"758\" \/>\n\t<meta property=\"og:image:height\" content=\"467\" \/>\n<meta name=\"twitter:card\" content=\"summary\" \/>\n<meta name=\"twitter:label1\" content=\"Tiempo de lectura\" \/>\n\t<meta name=\"twitter:data1\" content=\"4 minutos\" \/>\n<script type=\"application\/ld+json\" class=\"yoast-schema-graph\">{\"@context\":\"https:\/\/schema.org\",\"@graph\":[{\"@type\":\"WebSite\",\"@id\":\"https:\/\/andaluciamejorconciencia.fundaciondescubre.es\/echaavolar\/#website\",\"url\":\"https:\/\/andaluciamejorconciencia.fundaciondescubre.es\/echaavolar\/\",\"name\":\"Echa a volar\",\"description\":\"\",\"potentialAction\":[{\"@type\":\"SearchAction\",\"target\":\"https:\/\/andaluciamejorconciencia.fundaciondescubre.es\/echaavolar\/?s={search_term_string}\",\"query-input\":\"required name=search_term_string\"}],\"inLanguage\":\"es\"},{\"@type\":\"ImageObject\",\"@id\":\"https:\/\/andaluciamejorconciencia.fundaciondescubre.es\/echaavolar\/es\/sin-categoria\/celebramos-dia-mundial-del-medio-ambiente\/#primaryimage\",\"inLanguage\":\"es\",\"url\":\"https:\/\/andaluciamejorconciencia.fundaciondescubre.es\/echaavolar\/wp-content\/uploads\/sites\/20\/2017\/06\/Mostrando.jpg\",\"contentUrl\":\"https:\/\/andaluciamejorconciencia.fundaciondescubre.es\/echaavolar\/wp-content\/uploads\/sites\/20\/2017\/06\/Mostrando.jpg\",\"width\":758,\"height\":467,\"caption\":\"Mesa informativa de IES Carlos III con mural, paneles informativos y nidos de avi\\u00f3n y golondrina com\\u00fan\"},{\"@type\":\"WebPage\",\"@id\":\"https:\/\/andaluciamejorconciencia.fundaciondescubre.es\/echaavolar\/es\/sin-categoria\/celebramos-dia-mundial-del-medio-ambiente\/#webpage\",\"url\":\"https:\/\/andaluciamejorconciencia.fundaciondescubre.es\/echaavolar\/es\/sin-categoria\/celebramos-dia-mundial-del-medio-ambiente\/\",\"name\":\"Celebramos el d\\u00eda mundial del medio ambiente - Echa a volar\",\"isPartOf\":{\"@id\":\"https:\/\/andaluciamejorconciencia.fundaciondescubre.es\/echaavolar\/#website\"},\"primaryImageOfPage\":{\"@id\":\"https:\/\/andaluciamejorconciencia.fundaciondescubre.es\/echaavolar\/es\/sin-categoria\/celebramos-dia-mundial-del-medio-ambiente\/#primaryimage\"},\"datePublished\":\"2017-06-15T11:23:26+00:00\",\"dateModified\":\"2017-06-15T11:31:11+00:00\",\"author\":{\"@id\":\"https:\/\/andaluciamejorconciencia.fundaciondescubre.es\/echaavolar\/#\/schema\/person\/76a83b2fc7a6f89a563c83ead7bc5f8a\"},\"breadcrumb\":{\"@id\":\"https:\/\/andaluciamejorconciencia.fundaciondescubre.es\/echaavolar\/es\/sin-categoria\/celebramos-dia-mundial-del-medio-ambiente\/#breadcrumb\"},\"inLanguage\":\"es\",\"potentialAction\":[{\"@type\":\"ReadAction\",\"target\":[\"https:\/\/andaluciamejorconciencia.fundaciondescubre.es\/echaavolar\/es\/sin-categoria\/celebramos-dia-mundial-del-medio-ambiente\/\"]}]},{\"@type\":\"BreadcrumbList\",\"@id\":\"https:\/\/andaluciamejorconciencia.fundaciondescubre.es\/echaavolar\/es\/sin-categoria\/celebramos-dia-mundial-del-medio-ambiente\/#breadcrumb\",\"itemListElement\":[{\"@type\":\"ListItem\",\"position\":1,\"item\":{\"@type\":\"WebPage\",\"@id\":\"https:\/\/andaluciamejorconciencia.fundaciondescubre.es\/echaavolar\/\",\"url\":\"https:\/\/andaluciamejorconciencia.fundaciondescubre.es\/echaavolar\/\",\"name\":\"Portada\"}},{\"@type\":\"ListItem\",\"position\":2,\"item\":{\"@id\":\"https:\/\/andaluciamejorconciencia.fundaciondescubre.es\/echaavolar\/es\/sin-categoria\/celebramos-dia-mundial-del-medio-ambiente\/#webpage\"}}]},{\"@type\":\"Person\",\"@id\":\"https:\/\/andaluciamejorconciencia.fundaciondescubre.es\/echaavolar\/#\/schema\/person\/76a83b2fc7a6f89a563c83ead7bc5f8a\",\"name\":\"Maite Amat Valero\",\"url\":\"https:\/\/andaluciamejorconciencia.fundaciondescubre.es\/echaavolar\/author\/maiteamatvalero\/\"}]}<\/script>\n<!-- \/ Yoast SEO plugin. -->","_links":{"self":[{"href":"https:\/\/andaluciamejorconciencia.fundaciondescubre.es\/echaavolar\/wp-json\/wp\/v2\/posts\/367"}],"collection":[{"href":"https:\/\/andaluciamejorconciencia.fundaciondescubre.es\/echaavolar\/wp-json\/wp\/v2\/posts"}],"about":[{"href":"https:\/\/andaluciamejorconciencia.fundaciondescubre.es\/echaavolar\/wp-json\/wp\/v2\/types\/post"}],"author":[{"embeddable":true,"href":"https:\/\/andaluciamejorconciencia.fundaciondescubre.es\/echaavolar\/wp-json\/wp\/v2\/users\/27"}],"replies":[{"embeddable":true,"href":"https:\/\/andaluciamejorconciencia.fundaciondescubre.es\/echaavolar\/wp-json\/wp\/v2\/comments?post=367"}],"version-history":[{"count":7,"href":"https:\/\/andaluciamejorconciencia.fundaciondescubre.es\/echaavolar\/wp-json\/wp\/v2\/posts\/367\/revisions"}],"predecessor-version":[{"id":381,"href":"https:\/\/andaluciamejorconciencia.fundaciondescubre.es\/echaavolar\/wp-json\/wp\/v2\/posts\/367\/revisions\/381"}],"wp:featuredmedia":[{"embeddable":true,"href":"https:\/\/andaluciamejorconciencia.fundaciondescubre.es\/echaavolar\/wp-json\/wp\/v2\/media\/373"}],"wp:attachment":[{"href":"https:\/\/andaluciamejorconciencia.fundaciondescubre.es\/echaavolar\/wp-json\/wp\/v2\/media?parent=367"}],"wp:term":[{"taxonomy":"category","embeddable":true,"href":"https:\/\/andaluciamejorconciencia.fundaciondescubre.es\/echaavolar\/wp-json\/wp\/v2\/categories?post=367"},{"taxonomy":"post_tag","embeddable":true,"href":"https:\/\/andaluciamejorconciencia.fundaciondescubre.es\/echaavolar\/wp-json\/wp\/v2\/tags?post=367"}],"curies":[{"name":"wp","href":"https:\/\/api.w.org\/{rel}","templated":true}]}}