{"id":1018,"date":"2016-08-01T08:53:48","date_gmt":"2016-08-01T08:53:48","guid":{"rendered":"https:\/\/andaluciamejorconciencia.fundaciondescubre.es\/cuidatecuidalo\/?p=1018"},"modified":"2016-09-02T08:54:13","modified_gmt":"2016-09-02T08:54:13","slug":"ni-en-verano-paramos","status":"publish","type":"post","link":"https:\/\/andaluciamejorconciencia.fundaciondescubre.es\/cuidatecuidalo\/es\/noticias\/ni-en-verano-paramos\/","title":{"rendered":"\u00a1Ni en verano paramos!"},"content":{"rendered":"<p>Hemos recibido dos estupendas noticias en este mes julio relacionadas con nuestro proyecto\u00a0 comunitario \u2018Cu\u00eddate, cu\u00eddalo\u2019:<\/p>\n<ol>\n<li>A partir del pr\u00f3ximo curso ser\u00e1 denominado por la consejer\u00eda de educaci\u00f3n de la junta de Andaluc\u00eda como proyecto de investigaci\u00f3n e innovaci\u00f3n educativa.<\/li>\n<li>Ha sido seleccionado como finalista para los premios \u2018Acci\u00f3n magistral 2016\u2019, en la categor\u00eda a (centros de infantil y primaria).<\/li>\n<\/ol>\n<p>Somos, junto al proyecto \u2018CapaCITados\u2019, del CEIP Atalaya de Atarfe, los \u00fanicos centros de Granada seleccionados como finalistas nacionales en la categor\u00eda A.<\/p>\n<div><a href=\"http:\/\/premio.fad.es\/\">PREMIO A LA ACCI\u00d3N MAGISTRAL<\/a><\/div>\n<p><b><br \/>\n<\/b>Tras la celebraci\u00f3n de la Comisi\u00f3n de Evaluaci\u00f3n Auton\u00f3mica de Andaluc\u00eda, en la que se han evaluado las 95 candidaturas presentadas, se han seleccionado 21 proyectos educativos como finalistas auton\u00f3micos al Premio a la Acci\u00f3n Magistral 2016. \u00a0En toda Espa\u00f1a han sido seleccionados 100 proyectos de las 3 categor\u00edas existentes.<\/p>\n<p><a href=\"http:\/\/premio.fad.es\/noticias\/convocatoria-2016\/439-finalistas-autonomicos-2016-en-andalucia\">FINALISTAS ANDALUCES<\/a><\/p>\n","protected":false},"excerpt":{"rendered":"<p>Hemos recibido dos estupendas noticias en este mes julio relacionadas con nuestro proyecto\u00a0 comunitario \u2018Cu\u00eddate, cu\u00eddalo\u2019: A partir del pr\u00f3ximo curso ser\u00e1 denominado por la consejer\u00eda de educaci\u00f3n de la junta de Andaluc\u00eda como proyecto de investigaci\u00f3n e innovaci\u00f3n educativa. Ha sido seleccionado como finalista para los premios \u2018Acci\u00f3n magistral 2016\u2019, en la categor\u00eda a &hellip; <a href=\"https:\/\/andaluciamejorconciencia.fundaciondescubre.es\/cuidatecuidalo\/es\/noticias\/ni-en-verano-paramos\/\" class=\"more-link\">Continuar leyendo<span class=\"screen-reader-text\"> &#8220;\u00a1Ni en verano paramos!&#8221;<\/span><\/a><\/p>\n","protected":false},"author":19,"featured_media":1020,"comment_status":"open","ping_status":"open","sticky":false,"template":"","format":"standard","meta":[],"categories":[11,15],"tags":[],"yoast_head":"<!-- This site is optimized with the Yoast SEO plugin v16.4 - https:\/\/yoast.com\/wordpress\/plugins\/seo\/ -->\n<title>\u00a1Ni en verano paramos! - \u00a1Cu\u00eddate, Cu\u00eddalo!<\/title>\n<meta name=\"robots\" content=\"index, follow, max-snippet:-1, max-image-preview:large, max-video-preview:-1\" \/>\n<link rel=\"canonical\" href=\"https:\/\/andaluciamejorconciencia.fundaciondescubre.es\/cuidatecuidalo\/es\/noticias\/ni-en-verano-paramos\/\" \/>\n<meta property=\"og:locale\" content=\"es_ES\" \/>\n<meta property=\"og:type\" content=\"article\" \/>\n<meta property=\"og:title\" content=\"\u00a1Ni en verano paramos! - \u00a1Cu\u00eddate, Cu\u00eddalo!\" \/>\n<meta property=\"og:description\" content=\"Hemos recibido dos estupendas noticias en este mes julio relacionadas con nuestro proyecto\u00a0 comunitario \u2018Cu\u00eddate, cu\u00eddalo\u2019: A partir del pr\u00f3ximo curso ser\u00e1 denominado por la consejer\u00eda de educaci\u00f3n de la junta de Andaluc\u00eda como proyecto de investigaci\u00f3n e innovaci\u00f3n educativa. Ha sido seleccionado como finalista para los premios \u2018Acci\u00f3n magistral 2016\u2019, en la categor\u00eda a &hellip; Continuar leyendo &quot;\u00a1Ni en verano paramos!&quot;\" \/>\n<meta property=\"og:url\" content=\"https:\/\/andaluciamejorconciencia.fundaciondescubre.es\/cuidatecuidalo\/es\/noticias\/ni-en-verano-paramos\/\" \/>\n<meta property=\"og:site_name\" content=\"\u00a1Cu\u00eddate, Cu\u00eddalo!\" \/>\n<meta property=\"article:published_time\" content=\"2016-08-01T08:53:48+00:00\" \/>\n<meta property=\"article:modified_time\" content=\"2016-09-02T08:54:13+00:00\" \/>\n<meta property=\"og:image\" content=\"https:\/\/andaluciamejorconciencia.fundaciondescubre.es\/cuidatecuidalo\/wp-content\/uploads\/sites\/15\/2016\/09\/accion_magistral-3.jpg\" \/>\n\t<meta property=\"og:image:width\" content=\"400\" \/>\n\t<meta property=\"og:image:height\" content=\"263\" \/>\n<meta name=\"twitter:card\" content=\"summary\" \/>\n<meta name=\"twitter:label1\" content=\"Tiempo de lectura\" \/>\n\t<meta name=\"twitter:data1\" content=\"1 minuto\" \/>\n<script type=\"application\/ld+json\" class=\"yoast-schema-graph\">{\"@context\":\"https:\/\/schema.org\",\"@graph\":[{\"@type\":\"WebSite\",\"@id\":\"https:\/\/andaluciamejorconciencia.fundaciondescubre.es\/cuidatecuidalo\/#website\",\"url\":\"https:\/\/andaluciamejorconciencia.fundaciondescubre.es\/cuidatecuidalo\/\",\"name\":\"\\u00a1Cu\\u00eddate, Cu\\u00eddalo!\",\"description\":\"\",\"potentialAction\":[{\"@type\":\"SearchAction\",\"target\":\"https:\/\/andaluciamejorconciencia.fundaciondescubre.es\/cuidatecuidalo\/?s={search_term_string}\",\"query-input\":\"required name=search_term_string\"}],\"inLanguage\":\"es\"},{\"@type\":\"ImageObject\",\"@id\":\"https:\/\/andaluciamejorconciencia.fundaciondescubre.es\/cuidatecuidalo\/es\/noticias\/ni-en-verano-paramos\/#primaryimage\",\"inLanguage\":\"es\",\"url\":\"https:\/\/andaluciamejorconciencia.fundaciondescubre.es\/cuidatecuidalo\/wp-content\/uploads\/sites\/15\/2016\/09\/accion_magistral-3.jpg\",\"contentUrl\":\"https:\/\/andaluciamejorconciencia.fundaciondescubre.es\/cuidatecuidalo\/wp-content\/uploads\/sites\/15\/2016\/09\/accion_magistral-3.jpg\",\"width\":400,\"height\":263},{\"@type\":\"WebPage\",\"@id\":\"https:\/\/andaluciamejorconciencia.fundaciondescubre.es\/cuidatecuidalo\/es\/noticias\/ni-en-verano-paramos\/#webpage\",\"url\":\"https:\/\/andaluciamejorconciencia.fundaciondescubre.es\/cuidatecuidalo\/es\/noticias\/ni-en-verano-paramos\/\",\"name\":\"\\u00a1Ni en verano paramos! - \\u00a1Cu\\u00eddate, Cu\\u00eddalo!\",\"isPartOf\":{\"@id\":\"https:\/\/andaluciamejorconciencia.fundaciondescubre.es\/cuidatecuidalo\/#website\"},\"primaryImageOfPage\":{\"@id\":\"https:\/\/andaluciamejorconciencia.fundaciondescubre.es\/cuidatecuidalo\/es\/noticias\/ni-en-verano-paramos\/#primaryimage\"},\"datePublished\":\"2016-08-01T08:53:48+00:00\",\"dateModified\":\"2016-09-02T08:54:13+00:00\",\"author\":{\"@id\":\"https:\/\/andaluciamejorconciencia.fundaciondescubre.es\/cuidatecuidalo\/#\/schema\/person\/ff5207579d9390018563f64f08d81fda\"},\"breadcrumb\":{\"@id\":\"https:\/\/andaluciamejorconciencia.fundaciondescubre.es\/cuidatecuidalo\/es\/noticias\/ni-en-verano-paramos\/#breadcrumb\"},\"inLanguage\":\"es\",\"potentialAction\":[{\"@type\":\"ReadAction\",\"target\":[\"https:\/\/andaluciamejorconciencia.fundaciondescubre.es\/cuidatecuidalo\/es\/noticias\/ni-en-verano-paramos\/\"]}]},{\"@type\":\"BreadcrumbList\",\"@id\":\"https:\/\/andaluciamejorconciencia.fundaciondescubre.es\/cuidatecuidalo\/es\/noticias\/ni-en-verano-paramos\/#breadcrumb\",\"itemListElement\":[{\"@type\":\"ListItem\",\"position\":1,\"item\":{\"@type\":\"WebPage\",\"@id\":\"https:\/\/andaluciamejorconciencia.fundaciondescubre.es\/cuidatecuidalo\/\",\"url\":\"https:\/\/andaluciamejorconciencia.fundaciondescubre.es\/cuidatecuidalo\/\",\"name\":\"Portada\"}},{\"@type\":\"ListItem\",\"position\":2,\"item\":{\"@id\":\"https:\/\/andaluciamejorconciencia.fundaciondescubre.es\/cuidatecuidalo\/es\/noticias\/ni-en-verano-paramos\/#webpage\"}}]},{\"@type\":\"Person\",\"@id\":\"https:\/\/andaluciamejorconciencia.fundaciondescubre.es\/cuidatecuidalo\/#\/schema\/person\/ff5207579d9390018563f64f08d81fda\",\"name\":\"carmen\",\"url\":\"https:\/\/andaluciamejorconciencia.fundaciondescubre.es\/cuidatecuidalo\/author\/carmen\/\"}]}<\/script>\n<!-- \/ Yoast SEO plugin. -->","_links":{"self":[{"href":"https:\/\/andaluciamejorconciencia.fundaciondescubre.es\/cuidatecuidalo\/wp-json\/wp\/v2\/posts\/1018"}],"collection":[{"href":"https:\/\/andaluciamejorconciencia.fundaciondescubre.es\/cuidatecuidalo\/wp-json\/wp\/v2\/posts"}],"about":[{"href":"https:\/\/andaluciamejorconciencia.fundaciondescubre.es\/cuidatecuidalo\/wp-json\/wp\/v2\/types\/post"}],"author":[{"embeddable":true,"href":"https:\/\/andaluciamejorconciencia.fundaciondescubre.es\/cuidatecuidalo\/wp-json\/wp\/v2\/users\/19"}],"replies":[{"embeddable":true,"href":"https:\/\/andaluciamejorconciencia.fundaciondescubre.es\/cuidatecuidalo\/wp-json\/wp\/v2\/comments?post=1018"}],"version-history":[{"count":1,"href":"https:\/\/andaluciamejorconciencia.fundaciondescubre.es\/cuidatecuidalo\/wp-json\/wp\/v2\/posts\/1018\/revisions"}],"predecessor-version":[{"id":1021,"href":"https:\/\/andaluciamejorconciencia.fundaciondescubre.es\/cuidatecuidalo\/wp-json\/wp\/v2\/posts\/1018\/revisions\/1021"}],"wp:featuredmedia":[{"embeddable":true,"href":"https:\/\/andaluciamejorconciencia.fundaciondescubre.es\/cuidatecuidalo\/wp-json\/wp\/v2\/media\/1020"}],"wp:attachment":[{"href":"https:\/\/andaluciamejorconciencia.fundaciondescubre.es\/cuidatecuidalo\/wp-json\/wp\/v2\/media?parent=1018"}],"wp:term":[{"taxonomy":"category","embeddable":true,"href":"https:\/\/andaluciamejorconciencia.fundaciondescubre.es\/cuidatecuidalo\/wp-json\/wp\/v2\/categories?post=1018"},{"taxonomy":"post_tag","embeddable":true,"href":"https:\/\/andaluciamejorconciencia.fundaciondescubre.es\/cuidatecuidalo\/wp-json\/wp\/v2\/tags?post=1018"}],"curies":[{"name":"wp","href":"https:\/\/api.w.org\/{rel}","templated":true}]}}