{"id":78,"date":"2018-02-25T02:16:26","date_gmt":"2018-02-25T02:16:26","guid":{"rendered":"http:\/\/andaluciamejorconciencia.fundaciondescubre.es\/contaminacion-cotidiana\/?p=78"},"modified":"2018-03-10T00:42:50","modified_gmt":"2018-03-10T00:42:50","slug":"efectos-desarrollo-vegetal","status":"publish","type":"post","link":"https:\/\/andaluciamejorconciencia.fundaciondescubre.es\/contaminacion-cotidiana\/es\/noticias\/efectos-desarrollo-vegetal\/","title":{"rendered":"Efectos sobre el desarrollo vegetal"},"content":{"rendered":"<p>Hemos estudiado el efecto de los productos contaminantes que tenemos en nuestras casas sobre el desarrollo de las plantas de lenteja. Para ello hemos preparado macetas a partir de vasos de yogur reciclados en cada una de las cuales hemos sembrado diez semillas.<\/p>\n<p><img loading=\"lazy\" class=\" wp-image-82 aligncenter\" src=\"http:\/\/andaluciamejorconciencia.fundaciondescubre.es\/contaminacion-cotidiana\/wp-content\/uploads\/sites\/23\/2018\/02\/siembra-300x225.jpg\" alt=\"siembra\" width=\"380\" height=\"285\" srcset=\"https:\/\/andaluciamejorconciencia.fundaciondescubre.es\/contaminacion-cotidiana\/wp-content\/uploads\/sites\/23\/2018\/02\/siembra-300x225.jpg 300w, https:\/\/andaluciamejorconciencia.fundaciondescubre.es\/contaminacion-cotidiana\/wp-content\/uploads\/sites\/23\/2018\/02\/siembra-768x576.jpg 768w, https:\/\/andaluciamejorconciencia.fundaciondescubre.es\/contaminacion-cotidiana\/wp-content\/uploads\/sites\/23\/2018\/02\/siembra-1024x768.jpg 1024w, https:\/\/andaluciamejorconciencia.fundaciondescubre.es\/contaminacion-cotidiana\/wp-content\/uploads\/sites\/23\/2018\/02\/siembra-720x540.jpg 720w, https:\/\/andaluciamejorconciencia.fundaciondescubre.es\/contaminacion-cotidiana\/wp-content\/uploads\/sites\/23\/2018\/02\/siembra-1200x900.jpg 1200w\" sizes=\"(max-width: 380px) 85vw, 380px\" \/><\/p>\n<p>Cuando estas han germinado y han brotado las plantitas las hemos sometido a los mismos tratamientos que hab\u00edamos sometido a las semillas en los experimentos anteriores. Hemos regado las macetas con soluciones de los contaminantes mientras que un lote control lo hemos regado \u00fanicamente con agua.<\/p>\n<p><img loading=\"lazy\" class=\" wp-image-84 aligncenter\" src=\"http:\/\/andaluciamejorconciencia.fundaciondescubre.es\/contaminacion-cotidiana\/wp-content\/uploads\/sites\/23\/2018\/02\/midiendo-300x199.jpeg\" alt=\"midiendo\" width=\"380\" height=\"252\" srcset=\"https:\/\/andaluciamejorconciencia.fundaciondescubre.es\/contaminacion-cotidiana\/wp-content\/uploads\/sites\/23\/2018\/02\/midiendo-300x199.jpeg 300w, https:\/\/andaluciamejorconciencia.fundaciondescubre.es\/contaminacion-cotidiana\/wp-content\/uploads\/sites\/23\/2018\/02\/midiendo-768x509.jpeg 768w, https:\/\/andaluciamejorconciencia.fundaciondescubre.es\/contaminacion-cotidiana\/wp-content\/uploads\/sites\/23\/2018\/02\/midiendo-1024x679.jpeg 1024w, https:\/\/andaluciamejorconciencia.fundaciondescubre.es\/contaminacion-cotidiana\/wp-content\/uploads\/sites\/23\/2018\/02\/midiendo-285x190.jpeg 285w, https:\/\/andaluciamejorconciencia.fundaciondescubre.es\/contaminacion-cotidiana\/wp-content\/uploads\/sites\/23\/2018\/02\/midiendo-720x477.jpeg 720w, https:\/\/andaluciamejorconciencia.fundaciondescubre.es\/contaminacion-cotidiana\/wp-content\/uploads\/sites\/23\/2018\/02\/midiendo-1200x796.jpeg 1200w, https:\/\/andaluciamejorconciencia.fundaciondescubre.es\/contaminacion-cotidiana\/wp-content\/uploads\/sites\/23\/2018\/02\/midiendo.jpeg 1780w\" sizes=\"(max-width: 380px) 85vw, 380px\" \/><\/p>\n<p>Se han dejado crecer las plantas durante diez d\u00edas y pasado este tiempo se han arrancado las plantas y se les ha medido la longitud del tallo, la longitud de la ra\u00edz y se han pesado. Se han calculado los valores medios y se han comparado los par\u00e1metros estudiados con los de las plantas control. Los resultados se muestran gr\u00e1ficamente en las figuras adjuntas en las que se ha representado en verde a las plantas control y en rojo los valores medios de los distintos tratamientos.<\/p>\n<p><img loading=\"lazy\" class=\"wp-image-81 aligncenter\" src=\"http:\/\/andaluciamejorconciencia.fundaciondescubre.es\/contaminacion-cotidiana\/wp-content\/uploads\/sites\/23\/2018\/02\/crecimiento-tallo-300x202.jpeg\" alt=\"crecimiento tallo\" width=\"382\" height=\"257\" srcset=\"https:\/\/andaluciamejorconciencia.fundaciondescubre.es\/contaminacion-cotidiana\/wp-content\/uploads\/sites\/23\/2018\/02\/crecimiento-tallo-300x202.jpeg 300w, https:\/\/andaluciamejorconciencia.fundaciondescubre.es\/contaminacion-cotidiana\/wp-content\/uploads\/sites\/23\/2018\/02\/crecimiento-tallo-768x516.jpeg 768w, https:\/\/andaluciamejorconciencia.fundaciondescubre.es\/contaminacion-cotidiana\/wp-content\/uploads\/sites\/23\/2018\/02\/crecimiento-tallo-1024x688.jpeg 1024w, https:\/\/andaluciamejorconciencia.fundaciondescubre.es\/contaminacion-cotidiana\/wp-content\/uploads\/sites\/23\/2018\/02\/crecimiento-tallo-720x484.jpeg 720w, https:\/\/andaluciamejorconciencia.fundaciondescubre.es\/contaminacion-cotidiana\/wp-content\/uploads\/sites\/23\/2018\/02\/crecimiento-tallo-1200x806.jpeg 1200w, https:\/\/andaluciamejorconciencia.fundaciondescubre.es\/contaminacion-cotidiana\/wp-content\/uploads\/sites\/23\/2018\/02\/crecimiento-tallo.jpeg 1542w\" sizes=\"(max-width: 382px) 85vw, 382px\" \/><\/p>\n<p><img loading=\"lazy\" class=\" wp-image-80 aligncenter\" src=\"http:\/\/andaluciamejorconciencia.fundaciondescubre.es\/contaminacion-cotidiana\/wp-content\/uploads\/sites\/23\/2018\/02\/longitud-ra\u00edz-300x200.jpeg\" alt=\"longitud ra\u00edz\" width=\"372\" height=\"248\" srcset=\"https:\/\/andaluciamejorconciencia.fundaciondescubre.es\/contaminacion-cotidiana\/wp-content\/uploads\/sites\/23\/2018\/02\/longitud-ra\u00edz-300x200.jpeg 300w, https:\/\/andaluciamejorconciencia.fundaciondescubre.es\/contaminacion-cotidiana\/wp-content\/uploads\/sites\/23\/2018\/02\/longitud-ra\u00edz-768x512.jpeg 768w, https:\/\/andaluciamejorconciencia.fundaciondescubre.es\/contaminacion-cotidiana\/wp-content\/uploads\/sites\/23\/2018\/02\/longitud-ra\u00edz-1024x683.jpeg 1024w, https:\/\/andaluciamejorconciencia.fundaciondescubre.es\/contaminacion-cotidiana\/wp-content\/uploads\/sites\/23\/2018\/02\/longitud-ra\u00edz-285x190.jpeg 285w, https:\/\/andaluciamejorconciencia.fundaciondescubre.es\/contaminacion-cotidiana\/wp-content\/uploads\/sites\/23\/2018\/02\/longitud-ra\u00edz-720x480.jpeg 720w, https:\/\/andaluciamejorconciencia.fundaciondescubre.es\/contaminacion-cotidiana\/wp-content\/uploads\/sites\/23\/2018\/02\/longitud-ra\u00edz-1200x800.jpeg 1200w, https:\/\/andaluciamejorconciencia.fundaciondescubre.es\/contaminacion-cotidiana\/wp-content\/uploads\/sites\/23\/2018\/02\/longitud-ra\u00edz.jpeg 1542w\" sizes=\"(max-width: 372px) 85vw, 372px\" \/><\/p>\n<p>Todos los tratamientos han afectado negativamente al crecimiento del tallo, de modo que los valores medios son inferiores a los que presentan las plantas control. Del mismo modo, la longitud media de las ra\u00edces ha sido inferior a la de las plantas control, salvo en el caso del tratamiento con lavavajillas, que ha sido similar. El peso de las plantas tambi\u00e9n ha sido inferior en el caso de las tratadas con las que \u00fanicamente fueron regadas con agua.<\/p>\n<p><img loading=\"lazy\" class=\" wp-image-79 aligncenter\" src=\"http:\/\/andaluciamejorconciencia.fundaciondescubre.es\/contaminacion-cotidiana\/wp-content\/uploads\/sites\/23\/2018\/02\/peso-plantas-300x201.jpeg\" alt=\"peso plantas\" width=\"361\" height=\"242\" srcset=\"https:\/\/andaluciamejorconciencia.fundaciondescubre.es\/contaminacion-cotidiana\/wp-content\/uploads\/sites\/23\/2018\/02\/peso-plantas-300x201.jpeg 300w, https:\/\/andaluciamejorconciencia.fundaciondescubre.es\/contaminacion-cotidiana\/wp-content\/uploads\/sites\/23\/2018\/02\/peso-plantas-768x515.jpeg 768w, https:\/\/andaluciamejorconciencia.fundaciondescubre.es\/contaminacion-cotidiana\/wp-content\/uploads\/sites\/23\/2018\/02\/peso-plantas-1024x687.jpeg 1024w, https:\/\/andaluciamejorconciencia.fundaciondescubre.es\/contaminacion-cotidiana\/wp-content\/uploads\/sites\/23\/2018\/02\/peso-plantas-285x190.jpeg 285w, https:\/\/andaluciamejorconciencia.fundaciondescubre.es\/contaminacion-cotidiana\/wp-content\/uploads\/sites\/23\/2018\/02\/peso-plantas-720x483.jpeg 720w, https:\/\/andaluciamejorconciencia.fundaciondescubre.es\/contaminacion-cotidiana\/wp-content\/uploads\/sites\/23\/2018\/02\/peso-plantas-1200x805.jpeg 1200w, https:\/\/andaluciamejorconciencia.fundaciondescubre.es\/contaminacion-cotidiana\/wp-content\/uploads\/sites\/23\/2018\/02\/peso-plantas.jpeg 1550w\" sizes=\"(max-width: 361px) 85vw, 361px\" \/><\/p>\n<p>Estos resultados, junto a los descritos en los experimentos de germinaci\u00f3n, confirman que las sustancias que tenemos en nuestra casa y que habitualmente utilizamos para la limpieza del hogar o para otros usos dom\u00e9sticos son potencialmente da\u00f1inas para el medio ambiente ya que influyen negativamente tanto en el crecimiento como en el desarrollo de las plantas.<\/p>\n<p>\u201cContaminaci\u00f3n cotidiana\u201d forma parte de\u00a0<a href=\"https:\/\/andaluciamejorconciencia.fundaciondescubre.es\/es\/\"><strong>\u2018[Andaluc\u00eda] mejor con ciencia\u2019<\/strong><\/a>\u00a0proyecto de la Fundaci\u00f3n Descubre destinado a involucrar a comunidades para que trabajen en resolver un problema local con fundamentos cient\u00edficos, cofinanciado por la\u00a0<a href=\"http:\/\/www.fecyt.es\/\" target=\"_blank\"><strong>FECYT<\/strong>\u00a0(Fundaci\u00f3n Espa\u00f1ola para la Ciencia y Tecnolog\u00eda)<\/a><b>\u00a0<\/b>del Ministerio de Econom\u00eda y Competitividad y la consejer\u00eda de Econom\u00eda y Conocimiento de la Junta de Andaluc\u00eda.<\/p>\n","protected":false},"excerpt":{"rendered":"<p>Hemos estudiado el efecto de los productos contaminantes que tenemos en nuestras casas sobre el desarrollo de las plantas de lenteja. Para ello hemos preparado macetas a partir de vasos de yogur reciclados en cada una de las cuales hemos sembrado diez semillas. Cuando estas han germinado y han brotado las plantitas las hemos sometido &hellip; <a href=\"https:\/\/andaluciamejorconciencia.fundaciondescubre.es\/contaminacion-cotidiana\/es\/noticias\/efectos-desarrollo-vegetal\/\" class=\"more-link\">Continuar leyendo<span class=\"screen-reader-text\"> &#8220;Efectos sobre el desarrollo vegetal&#8221;<\/span><\/a><\/p>\n","protected":false},"author":34,"featured_media":84,"comment_status":"open","ping_status":"open","sticky":false,"template":"","format":"image","meta":[],"categories":[11,15],"tags":[],"yoast_head":"<!-- This site is optimized with the Yoast SEO plugin v16.4 - https:\/\/yoast.com\/wordpress\/plugins\/seo\/ -->\n<title>Efectos sobre el desarrollo vegetal - Contaminaci\u00f3n cotidiana<\/title>\n<meta name=\"robots\" content=\"index, follow, max-snippet:-1, max-image-preview:large, max-video-preview:-1\" \/>\n<link rel=\"canonical\" href=\"https:\/\/andaluciamejorconciencia.fundaciondescubre.es\/contaminacion-cotidiana\/es\/noticias\/efectos-desarrollo-vegetal\/\" \/>\n<meta property=\"og:locale\" content=\"es_ES\" \/>\n<meta property=\"og:type\" content=\"article\" \/>\n<meta property=\"og:title\" content=\"Efectos sobre el desarrollo vegetal - Contaminaci\u00f3n cotidiana\" \/>\n<meta property=\"og:description\" content=\"Hemos estudiado el efecto de los productos contaminantes que tenemos en nuestras casas sobre el desarrollo de las plantas de lenteja. Para ello hemos preparado macetas a partir de vasos de yogur reciclados en cada una de las cuales hemos sembrado diez semillas. Cuando estas han germinado y han brotado las plantitas las hemos sometido &hellip; Continuar leyendo &quot;Efectos sobre el desarrollo vegetal&quot;\" \/>\n<meta property=\"og:url\" content=\"https:\/\/andaluciamejorconciencia.fundaciondescubre.es\/contaminacion-cotidiana\/es\/noticias\/efectos-desarrollo-vegetal\/\" \/>\n<meta property=\"og:site_name\" content=\"Contaminaci\u00f3n cotidiana\" \/>\n<meta property=\"article:published_time\" content=\"2018-02-25T02:16:26+00:00\" \/>\n<meta property=\"article:modified_time\" content=\"2018-03-10T00:42:50+00:00\" \/>\n<meta property=\"og:image\" content=\"https:\/\/andaluciamejorconciencia.fundaciondescubre.es\/contaminacion-cotidiana\/wp-content\/uploads\/sites\/23\/2018\/02\/midiendo.jpeg\" \/>\n\t<meta property=\"og:image:width\" content=\"1780\" \/>\n\t<meta property=\"og:image:height\" content=\"1180\" \/>\n<meta name=\"twitter:card\" content=\"summary\" \/>\n<meta name=\"twitter:label1\" content=\"Tiempo de lectura\" \/>\n\t<meta name=\"twitter:data1\" content=\"2 minutos\" \/>\n<script type=\"application\/ld+json\" class=\"yoast-schema-graph\">{\"@context\":\"https:\/\/schema.org\",\"@graph\":[{\"@type\":\"WebSite\",\"@id\":\"https:\/\/andaluciamejorconciencia.fundaciondescubre.es\/contaminacion-cotidiana\/#website\",\"url\":\"https:\/\/andaluciamejorconciencia.fundaciondescubre.es\/contaminacion-cotidiana\/\",\"name\":\"Contaminaci\\u00f3n cotidiana\",\"description\":\"\",\"potentialAction\":[{\"@type\":\"SearchAction\",\"target\":\"https:\/\/andaluciamejorconciencia.fundaciondescubre.es\/contaminacion-cotidiana\/?s={search_term_string}\",\"query-input\":\"required name=search_term_string\"}],\"inLanguage\":\"es\"},{\"@type\":\"ImageObject\",\"@id\":\"https:\/\/andaluciamejorconciencia.fundaciondescubre.es\/contaminacion-cotidiana\/es\/noticias\/efectos-desarrollo-vegetal\/#primaryimage\",\"inLanguage\":\"es\",\"url\":\"https:\/\/andaluciamejorconciencia.fundaciondescubre.es\/contaminacion-cotidiana\/wp-content\/uploads\/sites\/23\/2018\/02\/midiendo.jpeg\",\"contentUrl\":\"https:\/\/andaluciamejorconciencia.fundaciondescubre.es\/contaminacion-cotidiana\/wp-content\/uploads\/sites\/23\/2018\/02\/midiendo.jpeg\",\"width\":1780,\"height\":1180},{\"@type\":\"WebPage\",\"@id\":\"https:\/\/andaluciamejorconciencia.fundaciondescubre.es\/contaminacion-cotidiana\/es\/noticias\/efectos-desarrollo-vegetal\/#webpage\",\"url\":\"https:\/\/andaluciamejorconciencia.fundaciondescubre.es\/contaminacion-cotidiana\/es\/noticias\/efectos-desarrollo-vegetal\/\",\"name\":\"Efectos sobre el desarrollo vegetal - Contaminaci\\u00f3n cotidiana\",\"isPartOf\":{\"@id\":\"https:\/\/andaluciamejorconciencia.fundaciondescubre.es\/contaminacion-cotidiana\/#website\"},\"primaryImageOfPage\":{\"@id\":\"https:\/\/andaluciamejorconciencia.fundaciondescubre.es\/contaminacion-cotidiana\/es\/noticias\/efectos-desarrollo-vegetal\/#primaryimage\"},\"datePublished\":\"2018-02-25T02:16:26+00:00\",\"dateModified\":\"2018-03-10T00:42:50+00:00\",\"author\":{\"@id\":\"https:\/\/andaluciamejorconciencia.fundaciondescubre.es\/contaminacion-cotidiana\/#\/schema\/person\/55f56fc1fb7223a941be6032de51b8fb\"},\"breadcrumb\":{\"@id\":\"https:\/\/andaluciamejorconciencia.fundaciondescubre.es\/contaminacion-cotidiana\/es\/noticias\/efectos-desarrollo-vegetal\/#breadcrumb\"},\"inLanguage\":\"es\",\"potentialAction\":[{\"@type\":\"ReadAction\",\"target\":[\"https:\/\/andaluciamejorconciencia.fundaciondescubre.es\/contaminacion-cotidiana\/es\/noticias\/efectos-desarrollo-vegetal\/\"]}]},{\"@type\":\"BreadcrumbList\",\"@id\":\"https:\/\/andaluciamejorconciencia.fundaciondescubre.es\/contaminacion-cotidiana\/es\/noticias\/efectos-desarrollo-vegetal\/#breadcrumb\",\"itemListElement\":[{\"@type\":\"ListItem\",\"position\":1,\"item\":{\"@type\":\"WebPage\",\"@id\":\"https:\/\/andaluciamejorconciencia.fundaciondescubre.es\/contaminacion-cotidiana\/\",\"url\":\"https:\/\/andaluciamejorconciencia.fundaciondescubre.es\/contaminacion-cotidiana\/\",\"name\":\"Portada\"}},{\"@type\":\"ListItem\",\"position\":2,\"item\":{\"@id\":\"https:\/\/andaluciamejorconciencia.fundaciondescubre.es\/contaminacion-cotidiana\/es\/noticias\/efectos-desarrollo-vegetal\/#webpage\"}}]},{\"@type\":\"Person\",\"@id\":\"https:\/\/andaluciamejorconciencia.fundaciondescubre.es\/contaminacion-cotidiana\/#\/schema\/person\/55f56fc1fb7223a941be6032de51b8fb\",\"name\":\"antonioquesada\",\"url\":\"https:\/\/andaluciamejorconciencia.fundaciondescubre.es\/contaminacion-cotidiana\/author\/antonioquesada\/\"}]}<\/script>\n<!-- \/ Yoast SEO plugin. -->","_links":{"self":[{"href":"https:\/\/andaluciamejorconciencia.fundaciondescubre.es\/contaminacion-cotidiana\/wp-json\/wp\/v2\/posts\/78"}],"collection":[{"href":"https:\/\/andaluciamejorconciencia.fundaciondescubre.es\/contaminacion-cotidiana\/wp-json\/wp\/v2\/posts"}],"about":[{"href":"https:\/\/andaluciamejorconciencia.fundaciondescubre.es\/contaminacion-cotidiana\/wp-json\/wp\/v2\/types\/post"}],"author":[{"embeddable":true,"href":"https:\/\/andaluciamejorconciencia.fundaciondescubre.es\/contaminacion-cotidiana\/wp-json\/wp\/v2\/users\/34"}],"replies":[{"embeddable":true,"href":"https:\/\/andaluciamejorconciencia.fundaciondescubre.es\/contaminacion-cotidiana\/wp-json\/wp\/v2\/comments?post=78"}],"version-history":[{"count":3,"href":"https:\/\/andaluciamejorconciencia.fundaciondescubre.es\/contaminacion-cotidiana\/wp-json\/wp\/v2\/posts\/78\/revisions"}],"predecessor-version":[{"id":91,"href":"https:\/\/andaluciamejorconciencia.fundaciondescubre.es\/contaminacion-cotidiana\/wp-json\/wp\/v2\/posts\/78\/revisions\/91"}],"wp:featuredmedia":[{"embeddable":true,"href":"https:\/\/andaluciamejorconciencia.fundaciondescubre.es\/contaminacion-cotidiana\/wp-json\/wp\/v2\/media\/84"}],"wp:attachment":[{"href":"https:\/\/andaluciamejorconciencia.fundaciondescubre.es\/contaminacion-cotidiana\/wp-json\/wp\/v2\/media?parent=78"}],"wp:term":[{"taxonomy":"category","embeddable":true,"href":"https:\/\/andaluciamejorconciencia.fundaciondescubre.es\/contaminacion-cotidiana\/wp-json\/wp\/v2\/categories?post=78"},{"taxonomy":"post_tag","embeddable":true,"href":"https:\/\/andaluciamejorconciencia.fundaciondescubre.es\/contaminacion-cotidiana\/wp-json\/wp\/v2\/tags?post=78"}],"curies":[{"name":"wp","href":"https:\/\/api.w.org\/{rel}","templated":true}]}}