{"id":1274,"date":"2019-12-05T18:58:50","date_gmt":"2019-12-05T18:58:50","guid":{"rendered":"https:\/\/blogsaverroes.juntadeandalucia.es\/constribuyendo\/?p=1274"},"modified":"2021-02-25T16:38:06","modified_gmt":"2021-02-25T16:38:06","slug":"valderrubio-ciudad-neuroactiva-ya-es-una-realidad","status":"publish","type":"post","link":"https:\/\/andaluciamejorconciencia.fundaciondescubre.es\/ciudad-neuroactiva\/es\/noticias\/valderrubio-ciudad-neuroactiva-ya-es-una-realidad\/","title":{"rendered":"&#8216;Valderrubio: CIUDAD NEUROACTIVA&#8217; ya es una realidad"},"content":{"rendered":"<p style=\"text-align: justify\">VALDERRUBIO: CIUDAD NEUROACTIVA ya es una realidad. Nuestro nuevo proyecto de salud se ha presentado esta semana en el Ayuntamiento con un lleno total.<\/p>\n<p style=\"text-align: justify\"><img loading=\"lazy\" class=\"aligncenter wp-image-1279 size-large\" src=\"https:\/\/blogsaverroes.juntadeandalucia.es\/constribuyendo\/files\/2019\/12\/79093226_10221190769380504_6097816884063764480_o-1024x768.jpg\" alt=\"\" width=\"1024\" height=\"768\" \/><\/p>\n<p style=\"text-align: justify\">Se trata de un proyecto de Ciencia Ciudadana, que se ha incluido en el programa de la Fundaci\u00f3n Descubre &#8216;Andaluc\u00eda, mejor con ciencia&#8217;.<\/p>\n<p style=\"text-align: justify\">Hoy podemos decir que hemos celebrado la fiesta del cerebro. Los diferentes talleres que ha preparado el alumnado han permitido a los asistentes conocer c\u00f3mo funciona nuestro cerebro y qu\u00e9 podemos hacer para mantenerlo activo: Talleres de Neuro-Retos con soporte tecnol\u00f3gico; talleres de neurodiversidad; de salud emocional; Neuro-tips; desarrollo neurosensorial&#8230;<\/p>\n<p style=\"text-align: justify\">Nuestros peques han actuado como promotores de salud mental y divulgadores de h\u00e1bitos saludables para nuestro cerebro. Todos los que hemos pasado por los talleres nos llevamos la mochila llena de ideas y consejos para mejorar nuestra vida y proporcionar a nuestro cerebro una vida m\u00e1s activa.<\/p>\n<p style=\"text-align: justify\">Si quer\u00e9is conocer m\u00e1s sobre este proyecto que ha arranco con fuerza en<br \/>\nValderrubio, aqu\u00ed os dejamos una <a href=\"https:\/\/www.europapress.es\/andalucia\/noticia-proyecto-ciencia-ciudadana-convertira-valderrubio-granada-ciudad-neuroactiva-20191202185709.html\">nota de prensa<\/a> que explica los detalles de esta aventura apasionante.<\/p>\n<p style=\"text-align: justify\"><img loading=\"lazy\" class=\"aligncenter size-full wp-image-1496\" src=\"http:\/\/andaluciamejorconciencia.fundaciondescubre.es\/ciudad-neuroactiva\/wp-content\/uploads\/sites\/27\/2019\/12\/IMG_20191202_171857.jpg\" alt=\"IMG_20191202_171857\" width=\"4608\" height=\"3456\" srcset=\"https:\/\/andaluciamejorconciencia.fundaciondescubre.es\/ciudad-neuroactiva\/wp-content\/uploads\/sites\/27\/2019\/12\/IMG_20191202_171857.jpg 4608w, https:\/\/andaluciamejorconciencia.fundaciondescubre.es\/ciudad-neuroactiva\/wp-content\/uploads\/sites\/27\/2019\/12\/IMG_20191202_171857-300x225.jpg 300w, https:\/\/andaluciamejorconciencia.fundaciondescubre.es\/ciudad-neuroactiva\/wp-content\/uploads\/sites\/27\/2019\/12\/IMG_20191202_171857-768x576.jpg 768w, https:\/\/andaluciamejorconciencia.fundaciondescubre.es\/ciudad-neuroactiva\/wp-content\/uploads\/sites\/27\/2019\/12\/IMG_20191202_171857-1024x768.jpg 1024w, https:\/\/andaluciamejorconciencia.fundaciondescubre.es\/ciudad-neuroactiva\/wp-content\/uploads\/sites\/27\/2019\/12\/IMG_20191202_171857-720x540.jpg 720w, https:\/\/andaluciamejorconciencia.fundaciondescubre.es\/ciudad-neuroactiva\/wp-content\/uploads\/sites\/27\/2019\/12\/IMG_20191202_171857-1200x900.jpg 1200w\" sizes=\"(max-width: 709px) 85vw, (max-width: 909px) 67vw, (max-width: 1362px) 62vw, 840px\" \/><\/p>\n<p style=\"text-align: justify\"><img loading=\"lazy\" class=\"aligncenter size-full wp-image-1503\" src=\"http:\/\/andaluciamejorconciencia.fundaciondescubre.es\/ciudad-neuroactiva\/wp-content\/uploads\/sites\/27\/2019\/12\/IMG_0177-1.jpeg\" alt=\"IMG_0177\" width=\"3264\" height=\"2448\" srcset=\"https:\/\/andaluciamejorconciencia.fundaciondescubre.es\/ciudad-neuroactiva\/wp-content\/uploads\/sites\/27\/2019\/12\/IMG_0177-1.jpeg 3264w, https:\/\/andaluciamejorconciencia.fundaciondescubre.es\/ciudad-neuroactiva\/wp-content\/uploads\/sites\/27\/2019\/12\/IMG_0177-1-300x225.jpeg 300w, https:\/\/andaluciamejorconciencia.fundaciondescubre.es\/ciudad-neuroactiva\/wp-content\/uploads\/sites\/27\/2019\/12\/IMG_0177-1-768x576.jpeg 768w, https:\/\/andaluciamejorconciencia.fundaciondescubre.es\/ciudad-neuroactiva\/wp-content\/uploads\/sites\/27\/2019\/12\/IMG_0177-1-1024x768.jpeg 1024w, https:\/\/andaluciamejorconciencia.fundaciondescubre.es\/ciudad-neuroactiva\/wp-content\/uploads\/sites\/27\/2019\/12\/IMG_0177-1-720x540.jpeg 720w, https:\/\/andaluciamejorconciencia.fundaciondescubre.es\/ciudad-neuroactiva\/wp-content\/uploads\/sites\/27\/2019\/12\/IMG_0177-1-1200x900.jpeg 1200w\" sizes=\"(max-width: 709px) 85vw, (max-width: 909px) 67vw, (max-width: 1362px) 62vw, 840px\" \/><\/p>\n<p style=\"text-align: justify\"><img loading=\"lazy\" class=\"aligncenter size-full wp-image-1498\" src=\"http:\/\/andaluciamejorconciencia.fundaciondescubre.es\/ciudad-neuroactiva\/wp-content\/uploads\/sites\/27\/2019\/12\/IMG_20191202_171940.jpg\" alt=\"IMG_20191202_171940\" width=\"4608\" height=\"3456\" srcset=\"https:\/\/andaluciamejorconciencia.fundaciondescubre.es\/ciudad-neuroactiva\/wp-content\/uploads\/sites\/27\/2019\/12\/IMG_20191202_171940.jpg 4608w, https:\/\/andaluciamejorconciencia.fundaciondescubre.es\/ciudad-neuroactiva\/wp-content\/uploads\/sites\/27\/2019\/12\/IMG_20191202_171940-300x225.jpg 300w, https:\/\/andaluciamejorconciencia.fundaciondescubre.es\/ciudad-neuroactiva\/wp-content\/uploads\/sites\/27\/2019\/12\/IMG_20191202_171940-768x576.jpg 768w, https:\/\/andaluciamejorconciencia.fundaciondescubre.es\/ciudad-neuroactiva\/wp-content\/uploads\/sites\/27\/2019\/12\/IMG_20191202_171940-1024x768.jpg 1024w, https:\/\/andaluciamejorconciencia.fundaciondescubre.es\/ciudad-neuroactiva\/wp-content\/uploads\/sites\/27\/2019\/12\/IMG_20191202_171940-720x540.jpg 720w, https:\/\/andaluciamejorconciencia.fundaciondescubre.es\/ciudad-neuroactiva\/wp-content\/uploads\/sites\/27\/2019\/12\/IMG_20191202_171940-1200x900.jpg 1200w\" sizes=\"(max-width: 709px) 85vw, (max-width: 909px) 67vw, (max-width: 1362px) 62vw, 840px\" \/><\/p>\n<p style=\"text-align: justify\"><img loading=\"lazy\" class=\"aligncenter size-full wp-image-1497\" src=\"http:\/\/andaluciamejorconciencia.fundaciondescubre.es\/ciudad-neuroactiva\/wp-content\/uploads\/sites\/27\/2019\/12\/IMG_20191202_171904.jpg\" alt=\"IMG_20191202_171904\" width=\"4608\" height=\"3456\" srcset=\"https:\/\/andaluciamejorconciencia.fundaciondescubre.es\/ciudad-neuroactiva\/wp-content\/uploads\/sites\/27\/2019\/12\/IMG_20191202_171904.jpg 4608w, https:\/\/andaluciamejorconciencia.fundaciondescubre.es\/ciudad-neuroactiva\/wp-content\/uploads\/sites\/27\/2019\/12\/IMG_20191202_171904-300x225.jpg 300w, https:\/\/andaluciamejorconciencia.fundaciondescubre.es\/ciudad-neuroactiva\/wp-content\/uploads\/sites\/27\/2019\/12\/IMG_20191202_171904-768x576.jpg 768w, https:\/\/andaluciamejorconciencia.fundaciondescubre.es\/ciudad-neuroactiva\/wp-content\/uploads\/sites\/27\/2019\/12\/IMG_20191202_171904-1024x768.jpg 1024w, https:\/\/andaluciamejorconciencia.fundaciondescubre.es\/ciudad-neuroactiva\/wp-content\/uploads\/sites\/27\/2019\/12\/IMG_20191202_171904-720x540.jpg 720w, https:\/\/andaluciamejorconciencia.fundaciondescubre.es\/ciudad-neuroactiva\/wp-content\/uploads\/sites\/27\/2019\/12\/IMG_20191202_171904-1200x900.jpg 1200w\" sizes=\"(max-width: 709px) 85vw, (max-width: 909px) 67vw, (max-width: 1362px) 62vw, 840px\" \/><\/p>\n","protected":false},"excerpt":{"rendered":"<p>VALDERRUBIO: CIUDAD NEUROACTIVA ya es una realidad. Nuestro nuevo proyecto de salud se ha presentado esta semana en el Ayuntamiento con un lleno total. Se trata de un proyecto de Ciencia Ciudadana, que se ha incluido en el programa de la Fundaci\u00f3n Descubre &#8216;Andaluc\u00eda, mejor con ciencia&#8217;. Hoy podemos decir que hemos celebrado la fiesta &hellip; <a href=\"https:\/\/andaluciamejorconciencia.fundaciondescubre.es\/ciudad-neuroactiva\/es\/noticias\/valderrubio-ciudad-neuroactiva-ya-es-una-realidad\/\" class=\"more-link\">Continuar leyendo<span class=\"screen-reader-text\"> &#8220;&#8216;Valderrubio: CIUDAD NEUROACTIVA&#8217; ya es una realidad&#8221;<\/span><\/a><\/p>\n","protected":false},"author":7,"featured_media":1502,"comment_status":"open","ping_status":"open","sticky":false,"template":"","format":"standard","meta":[],"categories":[23,15,29],"tags":[27,37,41,35],"yoast_head":"<!-- This site is optimized with the Yoast SEO plugin v16.4 - https:\/\/yoast.com\/wordpress\/plugins\/seo\/ -->\n<title>&#039;Valderrubio: CIUDAD NEUROACTIVA&#039; ya es una realidad - Ciudad Neuroactiva<\/title>\n<meta name=\"robots\" content=\"index, follow, max-snippet:-1, max-image-preview:large, max-video-preview:-1\" \/>\n<link rel=\"canonical\" href=\"https:\/\/andaluciamejorconciencia.fundaciondescubre.es\/ciudad-neuroactiva\/es\/noticias\/valderrubio-ciudad-neuroactiva-ya-es-una-realidad\/\" \/>\n<meta property=\"og:locale\" content=\"es_ES\" \/>\n<meta property=\"og:type\" content=\"article\" \/>\n<meta property=\"og:title\" content=\"&#039;Valderrubio: CIUDAD NEUROACTIVA&#039; ya es una realidad - Ciudad Neuroactiva\" \/>\n<meta property=\"og:description\" content=\"VALDERRUBIO: CIUDAD NEUROACTIVA ya es una realidad. Nuestro nuevo proyecto de salud se ha presentado esta semana en el Ayuntamiento con un lleno total. Se trata de un proyecto de Ciencia Ciudadana, que se ha incluido en el programa de la Fundaci\u00f3n Descubre &#8216;Andaluc\u00eda, mejor con ciencia&#8217;. Hoy podemos decir que hemos celebrado la fiesta &hellip; Continuar leyendo &quot;&#8216;Valderrubio: CIUDAD NEUROACTIVA&#8217; ya es una realidad&quot;\" \/>\n<meta property=\"og:url\" content=\"https:\/\/andaluciamejorconciencia.fundaciondescubre.es\/ciudad-neuroactiva\/es\/noticias\/valderrubio-ciudad-neuroactiva-ya-es-una-realidad\/\" \/>\n<meta property=\"og:site_name\" content=\"Ciudad Neuroactiva\" \/>\n<meta property=\"article:published_time\" content=\"2019-12-05T18:58:50+00:00\" \/>\n<meta property=\"article:modified_time\" content=\"2021-02-25T16:38:06+00:00\" \/>\n<meta property=\"og:image\" content=\"https:\/\/andaluciamejorconciencia.fundaciondescubre.es\/ciudad-neuroactiva\/wp-content\/uploads\/sites\/27\/2019\/12\/IMG_0195-1.jpg\" \/>\n\t<meta property=\"og:image:width\" content=\"3264\" \/>\n\t<meta property=\"og:image:height\" content=\"2448\" \/>\n<meta name=\"twitter:card\" content=\"summary\" \/>\n<script type=\"application\/ld+json\" class=\"yoast-schema-graph\">{\"@context\":\"https:\/\/schema.org\",\"@graph\":[{\"@type\":\"WebSite\",\"@id\":\"https:\/\/andaluciamejorconciencia.fundaciondescubre.es\/ciudad-neuroactiva\/#website\",\"url\":\"https:\/\/andaluciamejorconciencia.fundaciondescubre.es\/ciudad-neuroactiva\/\",\"name\":\"Ciudad Neuroactiva\",\"description\":\"\",\"potentialAction\":[{\"@type\":\"SearchAction\",\"target\":\"https:\/\/andaluciamejorconciencia.fundaciondescubre.es\/ciudad-neuroactiva\/?s={search_term_string}\",\"query-input\":\"required name=search_term_string\"}],\"inLanguage\":\"es\"},{\"@type\":\"ImageObject\",\"@id\":\"https:\/\/andaluciamejorconciencia.fundaciondescubre.es\/ciudad-neuroactiva\/es\/noticias\/valderrubio-ciudad-neuroactiva-ya-es-una-realidad\/#primaryimage\",\"inLanguage\":\"es\",\"url\":\"https:\/\/andaluciamejorconciencia.fundaciondescubre.es\/ciudad-neuroactiva\/wp-content\/uploads\/sites\/27\/2019\/12\/IMG_0195-1.jpg\",\"contentUrl\":\"https:\/\/andaluciamejorconciencia.fundaciondescubre.es\/ciudad-neuroactiva\/wp-content\/uploads\/sites\/27\/2019\/12\/IMG_0195-1.jpg\",\"width\":3264,\"height\":2448},{\"@type\":\"WebPage\",\"@id\":\"https:\/\/andaluciamejorconciencia.fundaciondescubre.es\/ciudad-neuroactiva\/es\/noticias\/valderrubio-ciudad-neuroactiva-ya-es-una-realidad\/#webpage\",\"url\":\"https:\/\/andaluciamejorconciencia.fundaciondescubre.es\/ciudad-neuroactiva\/es\/noticias\/valderrubio-ciudad-neuroactiva-ya-es-una-realidad\/\",\"name\":\"'Valderrubio: CIUDAD NEUROACTIVA' ya es una realidad - Ciudad Neuroactiva\",\"isPartOf\":{\"@id\":\"https:\/\/andaluciamejorconciencia.fundaciondescubre.es\/ciudad-neuroactiva\/#website\"},\"primaryImageOfPage\":{\"@id\":\"https:\/\/andaluciamejorconciencia.fundaciondescubre.es\/ciudad-neuroactiva\/es\/noticias\/valderrubio-ciudad-neuroactiva-ya-es-una-realidad\/#primaryimage\"},\"datePublished\":\"2019-12-05T18:58:50+00:00\",\"dateModified\":\"2021-02-25T16:38:06+00:00\",\"author\":{\"@id\":\"https:\/\/andaluciamejorconciencia.fundaciondescubre.es\/ciudad-neuroactiva\/#\/schema\/person\/9bd65acc9c242da94170733ecfedf753\"},\"breadcrumb\":{\"@id\":\"https:\/\/andaluciamejorconciencia.fundaciondescubre.es\/ciudad-neuroactiva\/es\/noticias\/valderrubio-ciudad-neuroactiva-ya-es-una-realidad\/#breadcrumb\"},\"inLanguage\":\"es\",\"potentialAction\":[{\"@type\":\"ReadAction\",\"target\":[\"https:\/\/andaluciamejorconciencia.fundaciondescubre.es\/ciudad-neuroactiva\/es\/noticias\/valderrubio-ciudad-neuroactiva-ya-es-una-realidad\/\"]}]},{\"@type\":\"BreadcrumbList\",\"@id\":\"https:\/\/andaluciamejorconciencia.fundaciondescubre.es\/ciudad-neuroactiva\/es\/noticias\/valderrubio-ciudad-neuroactiva-ya-es-una-realidad\/#breadcrumb\",\"itemListElement\":[{\"@type\":\"ListItem\",\"position\":1,\"item\":{\"@type\":\"WebPage\",\"@id\":\"https:\/\/andaluciamejorconciencia.fundaciondescubre.es\/ciudad-neuroactiva\/\",\"url\":\"https:\/\/andaluciamejorconciencia.fundaciondescubre.es\/ciudad-neuroactiva\/\",\"name\":\"Portada\"}},{\"@type\":\"ListItem\",\"position\":2,\"item\":{\"@id\":\"https:\/\/andaluciamejorconciencia.fundaciondescubre.es\/ciudad-neuroactiva\/es\/noticias\/valderrubio-ciudad-neuroactiva-ya-es-una-realidad\/#webpage\"}}]},{\"@type\":\"Person\",\"@id\":\"https:\/\/andaluciamejorconciencia.fundaciondescubre.es\/ciudad-neuroactiva\/#\/schema\/person\/9bd65acc9c242da94170733ecfedf753\",\"name\":\"estherdnz\",\"url\":\"https:\/\/andaluciamejorconciencia.fundaciondescubre.es\/ciudad-neuroactiva\/author\/estherdnz\/\"}]}<\/script>\n<!-- \/ Yoast SEO plugin. -->","_links":{"self":[{"href":"https:\/\/andaluciamejorconciencia.fundaciondescubre.es\/ciudad-neuroactiva\/wp-json\/wp\/v2\/posts\/1274"}],"collection":[{"href":"https:\/\/andaluciamejorconciencia.fundaciondescubre.es\/ciudad-neuroactiva\/wp-json\/wp\/v2\/posts"}],"about":[{"href":"https:\/\/andaluciamejorconciencia.fundaciondescubre.es\/ciudad-neuroactiva\/wp-json\/wp\/v2\/types\/post"}],"author":[{"embeddable":true,"href":"https:\/\/andaluciamejorconciencia.fundaciondescubre.es\/ciudad-neuroactiva\/wp-json\/wp\/v2\/users\/7"}],"replies":[{"embeddable":true,"href":"https:\/\/andaluciamejorconciencia.fundaciondescubre.es\/ciudad-neuroactiva\/wp-json\/wp\/v2\/comments?post=1274"}],"version-history":[{"count":9,"href":"https:\/\/andaluciamejorconciencia.fundaciondescubre.es\/ciudad-neuroactiva\/wp-json\/wp\/v2\/posts\/1274\/revisions"}],"predecessor-version":[{"id":1586,"href":"https:\/\/andaluciamejorconciencia.fundaciondescubre.es\/ciudad-neuroactiva\/wp-json\/wp\/v2\/posts\/1274\/revisions\/1586"}],"wp:featuredmedia":[{"embeddable":true,"href":"https:\/\/andaluciamejorconciencia.fundaciondescubre.es\/ciudad-neuroactiva\/wp-json\/wp\/v2\/media\/1502"}],"wp:attachment":[{"href":"https:\/\/andaluciamejorconciencia.fundaciondescubre.es\/ciudad-neuroactiva\/wp-json\/wp\/v2\/media?parent=1274"}],"wp:term":[{"taxonomy":"category","embeddable":true,"href":"https:\/\/andaluciamejorconciencia.fundaciondescubre.es\/ciudad-neuroactiva\/wp-json\/wp\/v2\/categories?post=1274"},{"taxonomy":"post_tag","embeddable":true,"href":"https:\/\/andaluciamejorconciencia.fundaciondescubre.es\/ciudad-neuroactiva\/wp-json\/wp\/v2\/tags?post=1274"}],"curies":[{"name":"wp","href":"https:\/\/api.w.org\/{rel}","templated":true}]}}