{"id":419,"date":"2017-10-28T15:54:12","date_gmt":"2017-10-28T15:54:12","guid":{"rendered":"http:\/\/andaluciamejorconciencia.fundaciondescubre.es\/agua-a-con-ciencia\/?p=419"},"modified":"2017-11-29T14:01:42","modified_gmt":"2017-11-29T14:01:42","slug":"los-alumnos-del-ceip-san-garcia-siguen-maquetas-modelos-alrededor-del-agua","status":"publish","type":"post","link":"https:\/\/andaluciamejorconciencia.fundaciondescubre.es\/agua-a-con-ciencia\/es\/2017\/10\/28\/los-alumnos-del-ceip-san-garcia-siguen-maquetas-modelos-alrededor-del-agua\/","title":{"rendered":"LOS ALUMNOS DEL CEIP SAN GARCIA SIGUEN CON SUS  MAQUETAS Y MODELOS ALREDEDOR DEL AGUA"},"content":{"rendered":"<p>El agua es\u00a0 importante para el organismo y\u00a0 los alumnos y alumnas participantes en el proyecto ha preparado una maqueta para explicar el\u00a0 ciclo del agua.<img loading=\"lazy\" class=\"size-medium wp-image-420 alignright\" src=\"http:\/\/andaluciamejorconciencia.fundaciondescubre.es\/agua-a-con-ciencia\/wp-content\/uploads\/sites\/21\/2017\/10\/IMG_0683-225x300.jpg\" alt=\"IMG_0683\" width=\"225\" height=\"300\" srcset=\"https:\/\/andaluciamejorconciencia.fundaciondescubre.es\/agua-a-con-ciencia\/wp-content\/uploads\/sites\/21\/2017\/10\/IMG_0683-225x300.jpg 225w, https:\/\/andaluciamejorconciencia.fundaciondescubre.es\/agua-a-con-ciencia\/wp-content\/uploads\/sites\/21\/2017\/10\/IMG_0683-768x1024.jpg 768w, https:\/\/andaluciamejorconciencia.fundaciondescubre.es\/agua-a-con-ciencia\/wp-content\/uploads\/sites\/21\/2017\/10\/IMG_0683-720x960.jpg 720w, https:\/\/andaluciamejorconciencia.fundaciondescubre.es\/agua-a-con-ciencia\/wp-content\/uploads\/sites\/21\/2017\/10\/IMG_0683.jpg 1200w\" sizes=\"(max-width: 225px) 85vw, 225px\" \/> <img loading=\"lazy\" class=\"alignnone size-medium wp-image-421\" src=\"http:\/\/andaluciamejorconciencia.fundaciondescubre.es\/agua-a-con-ciencia\/wp-content\/uploads\/sites\/21\/2017\/10\/IMG_0684-300x169.jpg\" alt=\"IMG_0684\" width=\"300\" height=\"169\" srcset=\"https:\/\/andaluciamejorconciencia.fundaciondescubre.es\/agua-a-con-ciencia\/wp-content\/uploads\/sites\/21\/2017\/10\/IMG_0684-300x169.jpg 300w, https:\/\/andaluciamejorconciencia.fundaciondescubre.es\/agua-a-con-ciencia\/wp-content\/uploads\/sites\/21\/2017\/10\/IMG_0684-768x432.jpg 768w, https:\/\/andaluciamejorconciencia.fundaciondescubre.es\/agua-a-con-ciencia\/wp-content\/uploads\/sites\/21\/2017\/10\/IMG_0684-1024x576.jpg 1024w, https:\/\/andaluciamejorconciencia.fundaciondescubre.es\/agua-a-con-ciencia\/wp-content\/uploads\/sites\/21\/2017\/10\/IMG_0684-720x405.jpg 720w, https:\/\/andaluciamejorconciencia.fundaciondescubre.es\/agua-a-con-ciencia\/wp-content\/uploads\/sites\/21\/2017\/10\/IMG_0684-1200x675.jpg 1200w, https:\/\/andaluciamejorconciencia.fundaciondescubre.es\/agua-a-con-ciencia\/wp-content\/uploads\/sites\/21\/2017\/10\/IMG_0684.jpg 1599w\" sizes=\"(max-width: 300px) 85vw, 300px\" \/><\/p>\n<p>&nbsp;<\/p>\n<p>\u2018Agua a Con-Ciencia\u2019 se encuentra incluida en <a href=\"https:\/\/andaluciamejorconciencia.fundaciondescubre.es\/\">\u2018[Andaluc\u00eda] mejor con Ciencia\u2019<\/a>, el programa de la Fundaci\u00f3n Descubre destinado a involucrar a comunidades para que trabajen en resolver un problema local con fundamentos cient\u00edficos, cofinanciado por la <a href=\"http:\/\/www.fecyt.es\/\">Fundaci\u00f3n Espa\u00f1ola para la Ciencia y Tecnolog\u00eda, FECYT<\/a>.<\/p>\n","protected":false},"excerpt":{"rendered":"<p>El agua es\u00a0 importante para el organismo y\u00a0 los alumnos y alumnas participantes en el proyecto ha preparado una maqueta para explicar el\u00a0 ciclo del agua. &nbsp; \u2018Agua a Con-Ciencia\u2019 se encuentra incluida en \u2018[Andaluc\u00eda] mejor con Ciencia\u2019, el programa de la Fundaci\u00f3n Descubre destinado a involucrar a comunidades para que trabajen en resolver un &hellip; <a href=\"https:\/\/andaluciamejorconciencia.fundaciondescubre.es\/agua-a-con-ciencia\/es\/2017\/10\/28\/los-alumnos-del-ceip-san-garcia-siguen-maquetas-modelos-alrededor-del-agua\/\" class=\"more-link\">Continuar leyendo<span class=\"screen-reader-text\"> &#8220;LOS ALUMNOS DEL CEIP SAN GARCIA SIGUEN CON SUS  MAQUETAS Y MODELOS ALREDEDOR DEL AGUA&#8221;<\/span><\/a><\/p>\n","protected":false},"author":30,"featured_media":420,"comment_status":"open","ping_status":"open","sticky":false,"template":"","format":"standard","meta":[],"categories":[11,15],"tags":[],"yoast_head":"<!-- This site is optimized with the Yoast SEO plugin v16.4 - https:\/\/yoast.com\/wordpress\/plugins\/seo\/ -->\n<title>LOS ALUMNOS DEL CEIP SAN GARCIA SIGUEN CON SUS MAQUETAS Y MODELOS ALREDEDOR DEL AGUA - Agua a Con-ciencia<\/title>\n<meta name=\"robots\" content=\"index, follow, max-snippet:-1, max-image-preview:large, max-video-preview:-1\" \/>\n<link rel=\"canonical\" href=\"https:\/\/andaluciamejorconciencia.fundaciondescubre.es\/agua-a-con-ciencia\/es\/2017\/10\/28\/los-alumnos-del-ceip-san-garcia-siguen-maquetas-modelos-alrededor-del-agua\/\" \/>\n<meta property=\"og:locale\" content=\"es_ES\" \/>\n<meta property=\"og:type\" content=\"article\" \/>\n<meta property=\"og:title\" content=\"LOS ALUMNOS DEL CEIP SAN GARCIA SIGUEN CON SUS MAQUETAS Y MODELOS ALREDEDOR DEL AGUA - Agua a Con-ciencia\" \/>\n<meta property=\"og:description\" content=\"El agua es\u00a0 importante para el organismo y\u00a0 los alumnos y alumnas participantes en el proyecto ha preparado una maqueta para explicar el\u00a0 ciclo del agua. &nbsp; \u2018Agua a Con-Ciencia\u2019 se encuentra incluida en \u2018[Andaluc\u00eda] mejor con Ciencia\u2019, el programa de la Fundaci\u00f3n Descubre destinado a involucrar a comunidades para que trabajen en resolver un &hellip; Continuar leyendo &quot;LOS ALUMNOS DEL CEIP SAN GARCIA SIGUEN CON SUS MAQUETAS Y MODELOS ALREDEDOR DEL AGUA&quot;\" \/>\n<meta property=\"og:url\" content=\"https:\/\/andaluciamejorconciencia.fundaciondescubre.es\/agua-a-con-ciencia\/es\/2017\/10\/28\/los-alumnos-del-ceip-san-garcia-siguen-maquetas-modelos-alrededor-del-agua\/\" \/>\n<meta property=\"og:site_name\" content=\"Agua a Con-ciencia\" \/>\n<meta property=\"article:published_time\" content=\"2017-10-28T15:54:12+00:00\" \/>\n<meta property=\"article:modified_time\" content=\"2017-11-29T14:01:42+00:00\" \/>\n<meta property=\"og:image\" content=\"https:\/\/andaluciamejorconciencia.fundaciondescubre.es\/agua-a-con-ciencia\/wp-content\/uploads\/sites\/21\/2017\/10\/IMG_0683.jpg\" \/>\n\t<meta property=\"og:image:width\" content=\"1200\" \/>\n\t<meta property=\"og:image:height\" content=\"1600\" \/>\n<meta name=\"twitter:card\" content=\"summary\" \/>\n<script type=\"application\/ld+json\" class=\"yoast-schema-graph\">{\"@context\":\"https:\/\/schema.org\",\"@graph\":[{\"@type\":\"WebSite\",\"@id\":\"https:\/\/andaluciamejorconciencia.fundaciondescubre.es\/agua-a-con-ciencia\/#website\",\"url\":\"https:\/\/andaluciamejorconciencia.fundaciondescubre.es\/agua-a-con-ciencia\/\",\"name\":\"Agua a Con-ciencia\",\"description\":\"\",\"potentialAction\":[{\"@type\":\"SearchAction\",\"target\":\"https:\/\/andaluciamejorconciencia.fundaciondescubre.es\/agua-a-con-ciencia\/?s={search_term_string}\",\"query-input\":\"required name=search_term_string\"}],\"inLanguage\":\"es\"},{\"@type\":\"ImageObject\",\"@id\":\"https:\/\/andaluciamejorconciencia.fundaciondescubre.es\/agua-a-con-ciencia\/es\/2017\/10\/28\/los-alumnos-del-ceip-san-garcia-siguen-maquetas-modelos-alrededor-del-agua\/#primaryimage\",\"inLanguage\":\"es\",\"url\":\"https:\/\/andaluciamejorconciencia.fundaciondescubre.es\/agua-a-con-ciencia\/wp-content\/uploads\/sites\/21\/2017\/10\/IMG_0683.jpg\",\"contentUrl\":\"https:\/\/andaluciamejorconciencia.fundaciondescubre.es\/agua-a-con-ciencia\/wp-content\/uploads\/sites\/21\/2017\/10\/IMG_0683.jpg\",\"width\":1200,\"height\":1600},{\"@type\":\"WebPage\",\"@id\":\"https:\/\/andaluciamejorconciencia.fundaciondescubre.es\/agua-a-con-ciencia\/es\/2017\/10\/28\/los-alumnos-del-ceip-san-garcia-siguen-maquetas-modelos-alrededor-del-agua\/#webpage\",\"url\":\"https:\/\/andaluciamejorconciencia.fundaciondescubre.es\/agua-a-con-ciencia\/es\/2017\/10\/28\/los-alumnos-del-ceip-san-garcia-siguen-maquetas-modelos-alrededor-del-agua\/\",\"name\":\"LOS ALUMNOS DEL CEIP SAN GARCIA SIGUEN CON SUS MAQUETAS Y MODELOS ALREDEDOR DEL AGUA - Agua a Con-ciencia\",\"isPartOf\":{\"@id\":\"https:\/\/andaluciamejorconciencia.fundaciondescubre.es\/agua-a-con-ciencia\/#website\"},\"primaryImageOfPage\":{\"@id\":\"https:\/\/andaluciamejorconciencia.fundaciondescubre.es\/agua-a-con-ciencia\/es\/2017\/10\/28\/los-alumnos-del-ceip-san-garcia-siguen-maquetas-modelos-alrededor-del-agua\/#primaryimage\"},\"datePublished\":\"2017-10-28T15:54:12+00:00\",\"dateModified\":\"2017-11-29T14:01:42+00:00\",\"author\":{\"@id\":\"https:\/\/andaluciamejorconciencia.fundaciondescubre.es\/agua-a-con-ciencia\/#\/schema\/person\/8df27d6956bb60317951e85909f341e1\"},\"breadcrumb\":{\"@id\":\"https:\/\/andaluciamejorconciencia.fundaciondescubre.es\/agua-a-con-ciencia\/es\/2017\/10\/28\/los-alumnos-del-ceip-san-garcia-siguen-maquetas-modelos-alrededor-del-agua\/#breadcrumb\"},\"inLanguage\":\"es\",\"potentialAction\":[{\"@type\":\"ReadAction\",\"target\":[\"https:\/\/andaluciamejorconciencia.fundaciondescubre.es\/agua-a-con-ciencia\/es\/2017\/10\/28\/los-alumnos-del-ceip-san-garcia-siguen-maquetas-modelos-alrededor-del-agua\/\"]}]},{\"@type\":\"BreadcrumbList\",\"@id\":\"https:\/\/andaluciamejorconciencia.fundaciondescubre.es\/agua-a-con-ciencia\/es\/2017\/10\/28\/los-alumnos-del-ceip-san-garcia-siguen-maquetas-modelos-alrededor-del-agua\/#breadcrumb\",\"itemListElement\":[{\"@type\":\"ListItem\",\"position\":1,\"item\":{\"@type\":\"WebPage\",\"@id\":\"https:\/\/andaluciamejorconciencia.fundaciondescubre.es\/agua-a-con-ciencia\/\",\"url\":\"https:\/\/andaluciamejorconciencia.fundaciondescubre.es\/agua-a-con-ciencia\/\",\"name\":\"Portada\"}},{\"@type\":\"ListItem\",\"position\":2,\"item\":{\"@id\":\"https:\/\/andaluciamejorconciencia.fundaciondescubre.es\/agua-a-con-ciencia\/es\/2017\/10\/28\/los-alumnos-del-ceip-san-garcia-siguen-maquetas-modelos-alrededor-del-agua\/#webpage\"}}]},{\"@type\":\"Person\",\"@id\":\"https:\/\/andaluciamejorconciencia.fundaciondescubre.es\/agua-a-con-ciencia\/#\/schema\/person\/8df27d6956bb60317951e85909f341e1\",\"name\":\"anavillaescusa\",\"url\":\"https:\/\/andaluciamejorconciencia.fundaciondescubre.es\/agua-a-con-ciencia\/author\/anavillaescusa\/\"}]}<\/script>\n<!-- \/ Yoast SEO plugin. -->","_links":{"self":[{"href":"https:\/\/andaluciamejorconciencia.fundaciondescubre.es\/agua-a-con-ciencia\/wp-json\/wp\/v2\/posts\/419"}],"collection":[{"href":"https:\/\/andaluciamejorconciencia.fundaciondescubre.es\/agua-a-con-ciencia\/wp-json\/wp\/v2\/posts"}],"about":[{"href":"https:\/\/andaluciamejorconciencia.fundaciondescubre.es\/agua-a-con-ciencia\/wp-json\/wp\/v2\/types\/post"}],"author":[{"embeddable":true,"href":"https:\/\/andaluciamejorconciencia.fundaciondescubre.es\/agua-a-con-ciencia\/wp-json\/wp\/v2\/users\/30"}],"replies":[{"embeddable":true,"href":"https:\/\/andaluciamejorconciencia.fundaciondescubre.es\/agua-a-con-ciencia\/wp-json\/wp\/v2\/comments?post=419"}],"version-history":[{"count":3,"href":"https:\/\/andaluciamejorconciencia.fundaciondescubre.es\/agua-a-con-ciencia\/wp-json\/wp\/v2\/posts\/419\/revisions"}],"predecessor-version":[{"id":432,"href":"https:\/\/andaluciamejorconciencia.fundaciondescubre.es\/agua-a-con-ciencia\/wp-json\/wp\/v2\/posts\/419\/revisions\/432"}],"wp:featuredmedia":[{"embeddable":true,"href":"https:\/\/andaluciamejorconciencia.fundaciondescubre.es\/agua-a-con-ciencia\/wp-json\/wp\/v2\/media\/420"}],"wp:attachment":[{"href":"https:\/\/andaluciamejorconciencia.fundaciondescubre.es\/agua-a-con-ciencia\/wp-json\/wp\/v2\/media?parent=419"}],"wp:term":[{"taxonomy":"category","embeddable":true,"href":"https:\/\/andaluciamejorconciencia.fundaciondescubre.es\/agua-a-con-ciencia\/wp-json\/wp\/v2\/categories?post=419"},{"taxonomy":"post_tag","embeddable":true,"href":"https:\/\/andaluciamejorconciencia.fundaciondescubre.es\/agua-a-con-ciencia\/wp-json\/wp\/v2\/tags?post=419"}],"curies":[{"name":"wp","href":"https:\/\/api.w.org\/{rel}","templated":true}]}}