{"id":411,"date":"2017-10-19T21:02:57","date_gmt":"2017-10-19T21:02:57","guid":{"rendered":"http:\/\/andaluciamejorconciencia.fundaciondescubre.es\/agua-a-con-ciencia\/?p=411"},"modified":"2017-11-29T14:00:05","modified_gmt":"2017-11-29T14:00:05","slug":"los-alumnos-del-ceip-san-garcia-preparan-trabajos-agua-la-exposicion-final","status":"publish","type":"post","link":"https:\/\/andaluciamejorconciencia.fundaciondescubre.es\/agua-a-con-ciencia\/es\/2017\/10\/19\/los-alumnos-del-ceip-san-garcia-preparan-trabajos-agua-la-exposicion-final\/","title":{"rendered":"LOS ALUMNOS DEL CEIP SAN GARCIA PREPARAN SUS TRABAJOS SOBRE EL AGUA PARA LA EXPOSICION FINAL"},"content":{"rendered":"<p>Alumnos del CEIP San Garcia est\u00e1n trabajando sobre la modelizaci\u00f3n del ciclo del agua. Estos trabajos junto con los que realicen los alumnos de Montecalpe y Los Pinos ser\u00e1n expuestos en la Sala Cajasur los\u00a0dias 14 Y 15 de Diciembre en la Sala Cajasur. Tambien se visualizar\u00e1 en dicha sala el v\u00eddeo\u00a0 final del proyecto.<\/p>\n<p>&nbsp;<\/p>\n<p>.<img loading=\"lazy\" class=\"alignnone size-medium wp-image-412\" src=\"http:\/\/andaluciamejorconciencia.fundaciondescubre.es\/agua-a-con-ciencia\/wp-content\/uploads\/sites\/21\/2017\/10\/IMG_0447-300x225.jpg\" alt=\"IMG_0447\" width=\"300\" height=\"225\" srcset=\"https:\/\/andaluciamejorconciencia.fundaciondescubre.es\/agua-a-con-ciencia\/wp-content\/uploads\/sites\/21\/2017\/10\/IMG_0447-300x225.jpg 300w, https:\/\/andaluciamejorconciencia.fundaciondescubre.es\/agua-a-con-ciencia\/wp-content\/uploads\/sites\/21\/2017\/10\/IMG_0447-768x576.jpg 768w, https:\/\/andaluciamejorconciencia.fundaciondescubre.es\/agua-a-con-ciencia\/wp-content\/uploads\/sites\/21\/2017\/10\/IMG_0447-1024x768.jpg 1024w, https:\/\/andaluciamejorconciencia.fundaciondescubre.es\/agua-a-con-ciencia\/wp-content\/uploads\/sites\/21\/2017\/10\/IMG_0447-720x540.jpg 720w, https:\/\/andaluciamejorconciencia.fundaciondescubre.es\/agua-a-con-ciencia\/wp-content\/uploads\/sites\/21\/2017\/10\/IMG_0447-1200x900.jpg 1200w, https:\/\/andaluciamejorconciencia.fundaciondescubre.es\/agua-a-con-ciencia\/wp-content\/uploads\/sites\/21\/2017\/10\/IMG_0447.jpg 1600w\" sizes=\"(max-width: 300px) 85vw, 300px\" \/><\/p>\n<p><img loading=\"lazy\" class=\"size-medium wp-image-413 aligncenter\" src=\"http:\/\/andaluciamejorconciencia.fundaciondescubre.es\/agua-a-con-ciencia\/wp-content\/uploads\/sites\/21\/2017\/10\/IMG_0448-300x225.jpg\" alt=\"IMG_0448\" width=\"300\" height=\"225\" srcset=\"https:\/\/andaluciamejorconciencia.fundaciondescubre.es\/agua-a-con-ciencia\/wp-content\/uploads\/sites\/21\/2017\/10\/IMG_0448-300x225.jpg 300w, https:\/\/andaluciamejorconciencia.fundaciondescubre.es\/agua-a-con-ciencia\/wp-content\/uploads\/sites\/21\/2017\/10\/IMG_0448-768x576.jpg 768w, https:\/\/andaluciamejorconciencia.fundaciondescubre.es\/agua-a-con-ciencia\/wp-content\/uploads\/sites\/21\/2017\/10\/IMG_0448-1024x768.jpg 1024w, https:\/\/andaluciamejorconciencia.fundaciondescubre.es\/agua-a-con-ciencia\/wp-content\/uploads\/sites\/21\/2017\/10\/IMG_0448-720x540.jpg 720w, https:\/\/andaluciamejorconciencia.fundaciondescubre.es\/agua-a-con-ciencia\/wp-content\/uploads\/sites\/21\/2017\/10\/IMG_0448-1200x900.jpg 1200w, https:\/\/andaluciamejorconciencia.fundaciondescubre.es\/agua-a-con-ciencia\/wp-content\/uploads\/sites\/21\/2017\/10\/IMG_0448.jpg 1600w\" sizes=\"(max-width: 300px) 85vw, 300px\" \/> <img loading=\"lazy\" class=\"alignnone size-medium wp-image-414\" src=\"http:\/\/andaluciamejorconciencia.fundaciondescubre.es\/agua-a-con-ciencia\/wp-content\/uploads\/sites\/21\/2017\/10\/IMG_0449-300x225.jpg\" alt=\"IMG_0449\" width=\"300\" height=\"225\" srcset=\"https:\/\/andaluciamejorconciencia.fundaciondescubre.es\/agua-a-con-ciencia\/wp-content\/uploads\/sites\/21\/2017\/10\/IMG_0449-300x225.jpg 300w, https:\/\/andaluciamejorconciencia.fundaciondescubre.es\/agua-a-con-ciencia\/wp-content\/uploads\/sites\/21\/2017\/10\/IMG_0449-768x576.jpg 768w, https:\/\/andaluciamejorconciencia.fundaciondescubre.es\/agua-a-con-ciencia\/wp-content\/uploads\/sites\/21\/2017\/10\/IMG_0449-1024x768.jpg 1024w, https:\/\/andaluciamejorconciencia.fundaciondescubre.es\/agua-a-con-ciencia\/wp-content\/uploads\/sites\/21\/2017\/10\/IMG_0449-720x540.jpg 720w, https:\/\/andaluciamejorconciencia.fundaciondescubre.es\/agua-a-con-ciencia\/wp-content\/uploads\/sites\/21\/2017\/10\/IMG_0449-1200x900.jpg 1200w, https:\/\/andaluciamejorconciencia.fundaciondescubre.es\/agua-a-con-ciencia\/wp-content\/uploads\/sites\/21\/2017\/10\/IMG_0449.jpg 1600w\" sizes=\"(max-width: 300px) 85vw, 300px\" \/> <img loading=\"lazy\" class=\"size-medium wp-image-415 alignright\" src=\"http:\/\/andaluciamejorconciencia.fundaciondescubre.es\/agua-a-con-ciencia\/wp-content\/uploads\/sites\/21\/2017\/10\/IMG_0450-300x225.jpg\" alt=\"IMG_0450\" width=\"300\" height=\"225\" srcset=\"https:\/\/andaluciamejorconciencia.fundaciondescubre.es\/agua-a-con-ciencia\/wp-content\/uploads\/sites\/21\/2017\/10\/IMG_0450-300x225.jpg 300w, https:\/\/andaluciamejorconciencia.fundaciondescubre.es\/agua-a-con-ciencia\/wp-content\/uploads\/sites\/21\/2017\/10\/IMG_0450-768x576.jpg 768w, https:\/\/andaluciamejorconciencia.fundaciondescubre.es\/agua-a-con-ciencia\/wp-content\/uploads\/sites\/21\/2017\/10\/IMG_0450-1024x768.jpg 1024w, https:\/\/andaluciamejorconciencia.fundaciondescubre.es\/agua-a-con-ciencia\/wp-content\/uploads\/sites\/21\/2017\/10\/IMG_0450-720x540.jpg 720w, https:\/\/andaluciamejorconciencia.fundaciondescubre.es\/agua-a-con-ciencia\/wp-content\/uploads\/sites\/21\/2017\/10\/IMG_0450-1200x900.jpg 1200w, https:\/\/andaluciamejorconciencia.fundaciondescubre.es\/agua-a-con-ciencia\/wp-content\/uploads\/sites\/21\/2017\/10\/IMG_0450.jpg 1600w\" sizes=\"(max-width: 300px) 85vw, 300px\" \/> <img loading=\"lazy\" class=\"alignnone size-medium wp-image-416\" src=\"http:\/\/andaluciamejorconciencia.fundaciondescubre.es\/agua-a-con-ciencia\/wp-content\/uploads\/sites\/21\/2017\/10\/IMG_0451-300x225.jpg\" alt=\"IMG_0451\" width=\"300\" height=\"225\" srcset=\"https:\/\/andaluciamejorconciencia.fundaciondescubre.es\/agua-a-con-ciencia\/wp-content\/uploads\/sites\/21\/2017\/10\/IMG_0451-300x225.jpg 300w, https:\/\/andaluciamejorconciencia.fundaciondescubre.es\/agua-a-con-ciencia\/wp-content\/uploads\/sites\/21\/2017\/10\/IMG_0451-768x576.jpg 768w, https:\/\/andaluciamejorconciencia.fundaciondescubre.es\/agua-a-con-ciencia\/wp-content\/uploads\/sites\/21\/2017\/10\/IMG_0451-1024x768.jpg 1024w, https:\/\/andaluciamejorconciencia.fundaciondescubre.es\/agua-a-con-ciencia\/wp-content\/uploads\/sites\/21\/2017\/10\/IMG_0451-720x540.jpg 720w, https:\/\/andaluciamejorconciencia.fundaciondescubre.es\/agua-a-con-ciencia\/wp-content\/uploads\/sites\/21\/2017\/10\/IMG_0451-1200x900.jpg 1200w, https:\/\/andaluciamejorconciencia.fundaciondescubre.es\/agua-a-con-ciencia\/wp-content\/uploads\/sites\/21\/2017\/10\/IMG_0451.jpg 1600w\" sizes=\"(max-width: 300px) 85vw, 300px\" \/><\/p>\n<p>\u2018Agua a Con-Ciencia\u2019 se encuentra incluida en <a href=\"https:\/\/andaluciamejorconciencia.fundaciondescubre.es\/\">\u2018[Andaluc\u00eda] mejor con Ciencia\u2019<\/a>, el programa de la Fundaci\u00f3n Descubre destinado a involucrar a comunidades para que trabajen en resolver un problema local con fundamentos cient\u00edficos, cofinanciado por la <a href=\"http:\/\/www.fecyt.es\/\">Fundaci\u00f3n Espa\u00f1ola para la Ciencia y Tecnolog\u00eda, FECYT<\/a>.<\/p>\n","protected":false},"excerpt":{"rendered":"<p>Alumnos del CEIP San Garcia est\u00e1n trabajando sobre la modelizaci\u00f3n del ciclo del agua. Estos trabajos junto con los que realicen los alumnos de Montecalpe y Los Pinos ser\u00e1n expuestos en la Sala Cajasur los\u00a0dias 14 Y 15 de Diciembre en la Sala Cajasur. Tambien se visualizar\u00e1 en dicha sala el v\u00eddeo\u00a0 final del proyecto. &hellip; <a href=\"https:\/\/andaluciamejorconciencia.fundaciondescubre.es\/agua-a-con-ciencia\/es\/2017\/10\/19\/los-alumnos-del-ceip-san-garcia-preparan-trabajos-agua-la-exposicion-final\/\" class=\"more-link\">Continuar leyendo<span class=\"screen-reader-text\"> &#8220;LOS ALUMNOS DEL CEIP SAN GARCIA PREPARAN SUS TRABAJOS SOBRE EL AGUA PARA LA EXPOSICION FINAL&#8221;<\/span><\/a><\/p>\n","protected":false},"author":30,"featured_media":415,"comment_status":"open","ping_status":"open","sticky":false,"template":"","format":"standard","meta":[],"categories":[11,15],"tags":[],"yoast_head":"<!-- This site is optimized with the Yoast SEO plugin v16.4 - https:\/\/yoast.com\/wordpress\/plugins\/seo\/ -->\n<title>LOS ALUMNOS DEL CEIP SAN GARCIA PREPARAN SUS TRABAJOS SOBRE EL AGUA PARA LA EXPOSICION FINAL - Agua a Con-ciencia<\/title>\n<meta name=\"robots\" content=\"index, follow, max-snippet:-1, max-image-preview:large, max-video-preview:-1\" \/>\n<link rel=\"canonical\" href=\"https:\/\/andaluciamejorconciencia.fundaciondescubre.es\/agua-a-con-ciencia\/es\/2017\/10\/19\/los-alumnos-del-ceip-san-garcia-preparan-trabajos-agua-la-exposicion-final\/\" \/>\n<meta property=\"og:locale\" content=\"es_ES\" \/>\n<meta property=\"og:type\" content=\"article\" \/>\n<meta property=\"og:title\" content=\"LOS ALUMNOS DEL CEIP SAN GARCIA PREPARAN SUS TRABAJOS SOBRE EL AGUA PARA LA EXPOSICION FINAL - Agua a Con-ciencia\" \/>\n<meta property=\"og:description\" content=\"Alumnos del CEIP San Garcia est\u00e1n trabajando sobre la modelizaci\u00f3n del ciclo del agua. Estos trabajos junto con los que realicen los alumnos de Montecalpe y Los Pinos ser\u00e1n expuestos en la Sala Cajasur los\u00a0dias 14 Y 15 de Diciembre en la Sala Cajasur. Tambien se visualizar\u00e1 en dicha sala el v\u00eddeo\u00a0 final del proyecto. &hellip; Continuar leyendo &quot;LOS ALUMNOS DEL CEIP SAN GARCIA PREPARAN SUS TRABAJOS SOBRE EL AGUA PARA LA EXPOSICION FINAL&quot;\" \/>\n<meta property=\"og:url\" content=\"https:\/\/andaluciamejorconciencia.fundaciondescubre.es\/agua-a-con-ciencia\/es\/2017\/10\/19\/los-alumnos-del-ceip-san-garcia-preparan-trabajos-agua-la-exposicion-final\/\" \/>\n<meta property=\"og:site_name\" content=\"Agua a Con-ciencia\" \/>\n<meta property=\"article:published_time\" content=\"2017-10-19T21:02:57+00:00\" \/>\n<meta property=\"article:modified_time\" content=\"2017-11-29T14:00:05+00:00\" \/>\n<meta property=\"og:image\" content=\"https:\/\/andaluciamejorconciencia.fundaciondescubre.es\/agua-a-con-ciencia\/wp-content\/uploads\/sites\/21\/2017\/10\/IMG_0450.jpg\" \/>\n\t<meta property=\"og:image:width\" content=\"1600\" \/>\n\t<meta property=\"og:image:height\" content=\"1200\" \/>\n<meta name=\"twitter:card\" content=\"summary\" \/>\n<meta name=\"twitter:label1\" content=\"Tiempo de lectura\" \/>\n\t<meta name=\"twitter:data1\" content=\"1 minuto\" \/>\n<script type=\"application\/ld+json\" class=\"yoast-schema-graph\">{\"@context\":\"https:\/\/schema.org\",\"@graph\":[{\"@type\":\"WebSite\",\"@id\":\"https:\/\/andaluciamejorconciencia.fundaciondescubre.es\/agua-a-con-ciencia\/#website\",\"url\":\"https:\/\/andaluciamejorconciencia.fundaciondescubre.es\/agua-a-con-ciencia\/\",\"name\":\"Agua a Con-ciencia\",\"description\":\"\",\"potentialAction\":[{\"@type\":\"SearchAction\",\"target\":\"https:\/\/andaluciamejorconciencia.fundaciondescubre.es\/agua-a-con-ciencia\/?s={search_term_string}\",\"query-input\":\"required name=search_term_string\"}],\"inLanguage\":\"es\"},{\"@type\":\"ImageObject\",\"@id\":\"https:\/\/andaluciamejorconciencia.fundaciondescubre.es\/agua-a-con-ciencia\/es\/2017\/10\/19\/los-alumnos-del-ceip-san-garcia-preparan-trabajos-agua-la-exposicion-final\/#primaryimage\",\"inLanguage\":\"es\",\"url\":\"https:\/\/andaluciamejorconciencia.fundaciondescubre.es\/agua-a-con-ciencia\/wp-content\/uploads\/sites\/21\/2017\/10\/IMG_0450.jpg\",\"contentUrl\":\"https:\/\/andaluciamejorconciencia.fundaciondescubre.es\/agua-a-con-ciencia\/wp-content\/uploads\/sites\/21\/2017\/10\/IMG_0450.jpg\",\"width\":1600,\"height\":1200},{\"@type\":\"WebPage\",\"@id\":\"https:\/\/andaluciamejorconciencia.fundaciondescubre.es\/agua-a-con-ciencia\/es\/2017\/10\/19\/los-alumnos-del-ceip-san-garcia-preparan-trabajos-agua-la-exposicion-final\/#webpage\",\"url\":\"https:\/\/andaluciamejorconciencia.fundaciondescubre.es\/agua-a-con-ciencia\/es\/2017\/10\/19\/los-alumnos-del-ceip-san-garcia-preparan-trabajos-agua-la-exposicion-final\/\",\"name\":\"LOS ALUMNOS DEL CEIP SAN GARCIA PREPARAN SUS TRABAJOS SOBRE EL AGUA PARA LA EXPOSICION FINAL - Agua a Con-ciencia\",\"isPartOf\":{\"@id\":\"https:\/\/andaluciamejorconciencia.fundaciondescubre.es\/agua-a-con-ciencia\/#website\"},\"primaryImageOfPage\":{\"@id\":\"https:\/\/andaluciamejorconciencia.fundaciondescubre.es\/agua-a-con-ciencia\/es\/2017\/10\/19\/los-alumnos-del-ceip-san-garcia-preparan-trabajos-agua-la-exposicion-final\/#primaryimage\"},\"datePublished\":\"2017-10-19T21:02:57+00:00\",\"dateModified\":\"2017-11-29T14:00:05+00:00\",\"author\":{\"@id\":\"https:\/\/andaluciamejorconciencia.fundaciondescubre.es\/agua-a-con-ciencia\/#\/schema\/person\/8df27d6956bb60317951e85909f341e1\"},\"breadcrumb\":{\"@id\":\"https:\/\/andaluciamejorconciencia.fundaciondescubre.es\/agua-a-con-ciencia\/es\/2017\/10\/19\/los-alumnos-del-ceip-san-garcia-preparan-trabajos-agua-la-exposicion-final\/#breadcrumb\"},\"inLanguage\":\"es\",\"potentialAction\":[{\"@type\":\"ReadAction\",\"target\":[\"https:\/\/andaluciamejorconciencia.fundaciondescubre.es\/agua-a-con-ciencia\/es\/2017\/10\/19\/los-alumnos-del-ceip-san-garcia-preparan-trabajos-agua-la-exposicion-final\/\"]}]},{\"@type\":\"BreadcrumbList\",\"@id\":\"https:\/\/andaluciamejorconciencia.fundaciondescubre.es\/agua-a-con-ciencia\/es\/2017\/10\/19\/los-alumnos-del-ceip-san-garcia-preparan-trabajos-agua-la-exposicion-final\/#breadcrumb\",\"itemListElement\":[{\"@type\":\"ListItem\",\"position\":1,\"item\":{\"@type\":\"WebPage\",\"@id\":\"https:\/\/andaluciamejorconciencia.fundaciondescubre.es\/agua-a-con-ciencia\/\",\"url\":\"https:\/\/andaluciamejorconciencia.fundaciondescubre.es\/agua-a-con-ciencia\/\",\"name\":\"Portada\"}},{\"@type\":\"ListItem\",\"position\":2,\"item\":{\"@id\":\"https:\/\/andaluciamejorconciencia.fundaciondescubre.es\/agua-a-con-ciencia\/es\/2017\/10\/19\/los-alumnos-del-ceip-san-garcia-preparan-trabajos-agua-la-exposicion-final\/#webpage\"}}]},{\"@type\":\"Person\",\"@id\":\"https:\/\/andaluciamejorconciencia.fundaciondescubre.es\/agua-a-con-ciencia\/#\/schema\/person\/8df27d6956bb60317951e85909f341e1\",\"name\":\"anavillaescusa\",\"url\":\"https:\/\/andaluciamejorconciencia.fundaciondescubre.es\/agua-a-con-ciencia\/author\/anavillaescusa\/\"}]}<\/script>\n<!-- \/ Yoast SEO plugin. -->","_links":{"self":[{"href":"https:\/\/andaluciamejorconciencia.fundaciondescubre.es\/agua-a-con-ciencia\/wp-json\/wp\/v2\/posts\/411"}],"collection":[{"href":"https:\/\/andaluciamejorconciencia.fundaciondescubre.es\/agua-a-con-ciencia\/wp-json\/wp\/v2\/posts"}],"about":[{"href":"https:\/\/andaluciamejorconciencia.fundaciondescubre.es\/agua-a-con-ciencia\/wp-json\/wp\/v2\/types\/post"}],"author":[{"embeddable":true,"href":"https:\/\/andaluciamejorconciencia.fundaciondescubre.es\/agua-a-con-ciencia\/wp-json\/wp\/v2\/users\/30"}],"replies":[{"embeddable":true,"href":"https:\/\/andaluciamejorconciencia.fundaciondescubre.es\/agua-a-con-ciencia\/wp-json\/wp\/v2\/comments?post=411"}],"version-history":[{"count":2,"href":"https:\/\/andaluciamejorconciencia.fundaciondescubre.es\/agua-a-con-ciencia\/wp-json\/wp\/v2\/posts\/411\/revisions"}],"predecessor-version":[{"id":429,"href":"https:\/\/andaluciamejorconciencia.fundaciondescubre.es\/agua-a-con-ciencia\/wp-json\/wp\/v2\/posts\/411\/revisions\/429"}],"wp:featuredmedia":[{"embeddable":true,"href":"https:\/\/andaluciamejorconciencia.fundaciondescubre.es\/agua-a-con-ciencia\/wp-json\/wp\/v2\/media\/415"}],"wp:attachment":[{"href":"https:\/\/andaluciamejorconciencia.fundaciondescubre.es\/agua-a-con-ciencia\/wp-json\/wp\/v2\/media?parent=411"}],"wp:term":[{"taxonomy":"category","embeddable":true,"href":"https:\/\/andaluciamejorconciencia.fundaciondescubre.es\/agua-a-con-ciencia\/wp-json\/wp\/v2\/categories?post=411"},{"taxonomy":"post_tag","embeddable":true,"href":"https:\/\/andaluciamejorconciencia.fundaciondescubre.es\/agua-a-con-ciencia\/wp-json\/wp\/v2\/tags?post=411"}],"curies":[{"name":"wp","href":"https:\/\/api.w.org\/{rel}","templated":true}]}}